{"id":12,"__str__":"Autoria: VER. ALEM\u00c3O - Indica\u00e7\u00e3o n\u00ba 6 de 2013","link_detail_backend":"/materia/autoria/12","metadata":{},"primeiro_autor":false,"autor":4,"materia":16}