{"id":16,"__str__":"Indica\u00e7\u00e3o n\u00ba 6 de 2013","link_detail_backend":"/materia/16","metadata":{},"numero":6,"ano":2013,"numero_protocolo":null,"data_apresentacao":"2013-03-15","tipo_apresentacao":"E","data_publicacao":null,"numero_origem_externa":"","ano_origem_externa":null,"data_origem_externa":null,"apelido":"","dias_prazo":null,"data_fim_prazo":null,"em_tramitacao":false,"polemica":false,"objeto":"","complementar":false,"ementa":"INDICA AO PREFEITO MUNICIPAL, AO MINIST\u00c9RIO DAS COMUNICA\u00c7\u00d5ES OU \u00d3RG\u00c3OS COMPETENTES, PROVID\u00caNCIAS NO SENTIDO DE CRIAR E IMPLANTAR O PROJETO \"CIDADE DIGITAL\" NA CIDADE DE CARIRI DO TOCANTINS.","indexacao":"","observacao":"Aprova\u00e7\u00e3o dia 15/03/2013.","resultado":"","texto_original":"http://sapl.cariridotocantins.to.leg.br/media/sapl/public/materialegislativa/2013/16/16_texto_integral.pdf","data_ultima_atualizacao":"2018-09-27T10:13:27.117046-03:00","ip":"","ultima_edicao":null,"tipo":8,"regime_tramitacao":2,"tipo_origem_externa":null,"local_origem_externa":null,"user":null,"anexadas":[],"autores":[2,4,5,6,7,8,9,10,1]}