{"id":239,"__str__":"Projeto de Lei Complementar - Executivo n\u00ba 14 de 2018","link_detail_backend":"/materia/239","metadata":{},"numero":14,"ano":2018,"numero_protocolo":null,"data_apresentacao":"2018-12-05","tipo_apresentacao":"E","data_publicacao":null,"numero_origem_externa":"","ano_origem_externa":null,"data_origem_externa":null,"apelido":"","dias_prazo":null,"data_fim_prazo":null,"em_tramitacao":false,"polemica":null,"objeto":"","complementar":null,"ementa":"DISP\u00d5E SOBRE \u00c1 ALTERA\u00c7\u00c3O DA DENOMINA\u00c7\u00c3O DA CRECHE  MUNICIPAL MADALENA RODRIGUES DE ARA\u00daJO, BEM COMO, DEFINE A ESTRUTURA ADMINISTRATIVA E D\u00c1 OUTRAS PROVID\u00caNCIAS.","indexacao":"","observacao":"","resultado":"","texto_original":"http://sapl.cariridotocantins.to.leg.br/media/sapl/public/materialegislativa/2018/239/projeto_de_lei_no_014_de_04_de_dezembro_2018.pdf","data_ultima_atualizacao":"2019-06-03T16:29:40.967428-03:00","ip":"143.208.27.68","ultima_edicao":null,"tipo":5,"regime_tramitacao":1,"tipo_origem_externa":null,"local_origem_externa":null,"user":19,"anexadas":[],"autores":[]}