{"id":253,"__str__":"Projeto de Lei Complementar - Legislativo n\u00ba 1 de 2019","link_detail_backend":"/materia/253","metadata":{},"numero":1,"ano":2019,"numero_protocolo":null,"data_apresentacao":"2019-02-04","tipo_apresentacao":"E","data_publicacao":null,"numero_origem_externa":"","ano_origem_externa":null,"data_origem_externa":null,"apelido":"","dias_prazo":null,"data_fim_prazo":null,"em_tramitacao":false,"polemica":null,"objeto":"","complementar":null,"ementa":"DISP\u00d5E SOBRE A ALTERA\u00c7\u00c3O DA LEI COMPLEMENTAR N\u00ba. 003/2009, DE 19 DE FEVEREIRO DE 2009(DISP\u00d5E SOBRE A ESTRUTURA DO PODER LEGISLATIVO DO MUNIC\u00cdPIO DE CARIRI DO TOCANTINS, FIXA PRINC\u00cdPIOS E DIRETRIZES DE GEST\u00c3O) ALTERADA PELA LEI COMPLEMENTAR N\u00ba. 009/2013, DE 27 DE MAR\u00c7O DE 2013 E D\u00c1 OUTRA PROVID\u00caNCIAS.","indexacao":"","observacao":"","resultado":"","texto_original":"http://sapl.cariridotocantins.to.leg.br/media/sapl/public/materialegislativa/2019/253/projeto_de_lei_no_001_de_29_de_janeiro_de_2019.pdf","data_ultima_atualizacao":"2019-06-04T14:08:17.065552-03:00","ip":"143.208.27.68","ultima_edicao":null,"tipo":10,"regime_tramitacao":1,"tipo_origem_externa":null,"local_origem_externa":null,"user":19,"anexadas":[],"autores":[]}