{"id":254,"__str__":"Projeto de Lei Complementar - Executivo n\u00ba 2 de 2019","link_detail_backend":"/materia/254","metadata":{},"numero":2,"ano":2019,"numero_protocolo":null,"data_apresentacao":"2019-03-12","tipo_apresentacao":"E","data_publicacao":null,"numero_origem_externa":"","ano_origem_externa":null,"data_origem_externa":null,"apelido":"","dias_prazo":null,"data_fim_prazo":null,"em_tramitacao":false,"polemica":null,"objeto":"","complementar":null,"ementa":"DISP\u00d5E SOBRE A ALTERA\u00c7\u00c3O DO CONCELHO MUNICIPAL DE DEFESA DAS PESSOAS COM DEFICI\u00caNCIA E DA OUTRAS PROVID\u00caNCIAS.","indexacao":"","observacao":"","resultado":"","texto_original":"http://sapl.cariridotocantins.to.leg.br/media/sapl/public/materialegislativa/2019/254/projeto_de_lei_complementar_no._002_de_28_de_fev_IeIb7u9.pdf","data_ultima_atualizacao":"2019-06-04T14:34:19.421649-03:00","ip":"143.208.27.68","ultima_edicao":null,"tipo":5,"regime_tramitacao":1,"tipo_origem_externa":null,"local_origem_externa":null,"user":19,"anexadas":[],"autores":[18]}