{"id":255,"__str__":"Projeto de Lei Complementar - Executivo n\u00ba 3 de 2019","link_detail_backend":"/materia/255","metadata":{},"numero":3,"ano":2019,"numero_protocolo":null,"data_apresentacao":"2019-03-12","tipo_apresentacao":"E","data_publicacao":null,"numero_origem_externa":"","ano_origem_externa":null,"data_origem_externa":null,"apelido":"","dias_prazo":null,"data_fim_prazo":null,"em_tramitacao":false,"polemica":null,"objeto":"","complementar":null,"ementa":"DISP\u00d5E SOBRE A ALTERA\u00c7\u00c3O DOS ANEXOS (ESTRAT\u00c9GIAS DO MUNIC\u00cdPIO P\u00c1GINA 24 A 37), DO PLANO MUNICIPAL DE EDUCA\u00c7\u00c3O DO MUNIC\u00cdPIO DE CARIRI/TO, INSTITU\u00cdDO PELA LEI N\u00ba 416/2015, E D\u00c1 OUTRAS PROVID\u00caNCIAS.","indexacao":"","observacao":"","resultado":"","texto_original":"http://sapl.cariridotocantins.to.leg.br/media/sapl/public/materialegislativa/2019/255/projeto_de_lei_complementarno._003_de_11_de_marc_Ih2k2BK.pdf","data_ultima_atualizacao":"2019-06-04T14:38:42.819054-03:00","ip":"143.208.27.68","ultima_edicao":null,"tipo":5,"regime_tramitacao":1,"tipo_origem_externa":null,"local_origem_externa":null,"user":19,"anexadas":[],"autores":[18]}