{"id":256,"__str__":"Projeto de Lei Complementar - Executivo n\u00ba 1 de 2019","link_detail_backend":"/materia/256","metadata":{},"numero":1,"ano":2019,"numero_protocolo":null,"data_apresentacao":"2019-02-14","tipo_apresentacao":"E","data_publicacao":null,"numero_origem_externa":"","ano_origem_externa":null,"data_origem_externa":null,"apelido":"","dias_prazo":null,"data_fim_prazo":null,"em_tramitacao":false,"polemica":null,"objeto":"","complementar":null,"ementa":"DISP\u00d5E SOBRE A ALTEA\u00c7\u00c3O DA LEI COMPLEMENTAR N\u00ba 017/2018, ALTERA\u00c7\u00c3O DO ANEXO I, PARA INCLUS\u00c3O DE CARGOS NO \u00c2MBITO DO PODER EXECUTIVO, E D\u00c1 OUTRAS PROVID\u00caNCIAS.","indexacao":"","observacao":"","resultado":"","texto_original":"http://sapl.cariridotocantins.to.leg.br/media/sapl/public/materialegislativa/2019/256/projeto_de_lei_complementar_no_01_de_12_de_fever_PLMkgTg.pdf","data_ultima_atualizacao":"2019-06-04T17:24:40.558245-03:00","ip":"143.208.27.68","ultima_edicao":null,"tipo":5,"regime_tramitacao":1,"tipo_origem_externa":null,"local_origem_externa":null,"user":19,"anexadas":[],"autores":[18]}