{"id":272,"__str__":"Indica\u00e7\u00e3o n\u00ba 15 de 2019","link_detail_backend":"/materia/272","metadata":{},"numero":15,"ano":2019,"numero_protocolo":null,"data_apresentacao":"2019-09-27","tipo_apresentacao":"E","data_publicacao":null,"numero_origem_externa":"","ano_origem_externa":null,"data_origem_externa":null,"apelido":"","dias_prazo":null,"data_fim_prazo":null,"em_tramitacao":false,"polemica":null,"objeto":"","complementar":null,"ementa":"INDICA AO CHEFE DO PODER EXECUTIVO MUNICIPAL NA MEDIDA DO POSS\u00cdVEL ESCLARECIMENTO SOB A COBRAN\u00c7A DA CONTRIBUI\u00c7\u00c3O DE ILUMINA\u00c7\u00c3O P\u00daBLICA, NOS SETORES PRIMAVERA E NOVO HORIZONTE DE NOSSO MUNIC\u00cdPIO, BUSCANDO AL\u00c9M DA MELHORIA NA QUALIDADE DE ILUMINA\u00c7\u00c3O OFERECIDA, GARANTINDO MAIS SEGURAN\u00c7A A NOSSA POPULA\u00c7\u00c3O DO MUNIC\u00cdPIO.","indexacao":"","observacao":"","resultado":"","texto_original":"http://sapl.cariridotocantins.to.leg.br/media/sapl/public/materialegislativa/2019/272/indicacao_no_15.pdf","data_ultima_atualizacao":"2019-10-14T14:12:21.776999-03:00","ip":"143.208.27.68","ultima_edicao":null,"tipo":8,"regime_tramitacao":1,"tipo_origem_externa":null,"local_origem_externa":null,"user":19,"anexadas":[],"autores":[8]}