{"id":28,"__str__":"Indica\u00e7\u00e3o n\u00ba 18 de 2013","link_detail_backend":"/materia/28","metadata":{},"numero":18,"ano":2013,"numero_protocolo":null,"data_apresentacao":"2013-06-06","tipo_apresentacao":"E","data_publicacao":null,"numero_origem_externa":"","ano_origem_externa":null,"data_origem_externa":null,"apelido":"","dias_prazo":null,"data_fim_prazo":null,"em_tramitacao":false,"polemica":false,"objeto":"","complementar":false,"ementa":"INDICA AO EXM.\u00ba SR. PREFEITO MUNICIPAL PROVID\u00caNCIAS NO SENTIDO DE CRIAR A LEI QUE ABONA O DIA TRABALHADO NO DIA DO ANIVERS\u00c1RIO.","indexacao":"","observacao":"Aprova\u00e7\u00e3o dia 06/06/2013.","resultado":"","texto_original":"http://sapl.cariridotocantins.to.leg.br/media/sapl/public/materialegislativa/2013/28/28_texto_integral.pdf","data_ultima_atualizacao":"2018-09-27T10:13:27.078545-03:00","ip":"","ultima_edicao":null,"tipo":8,"regime_tramitacao":2,"tipo_origem_externa":null,"local_origem_externa":null,"user":null,"anexadas":[],"autores":[2]}