{"id":300,"__str__":"Projeto de Lei Ordin\u00e1ria - Executivo n\u00ba 2 de 2020","link_detail_backend":"/materia/300","metadata":{},"numero":2,"ano":2020,"numero_protocolo":null,"data_apresentacao":"2020-04-29","tipo_apresentacao":"E","data_publicacao":null,"numero_origem_externa":"","ano_origem_externa":null,"data_origem_externa":null,"apelido":"","dias_prazo":null,"data_fim_prazo":null,"em_tramitacao":false,"polemica":null,"objeto":"","complementar":null,"ementa":"Disp\u00f5e sobre a cria\u00e7\u00e3o da A\u00e7\u00e3o de Apoio ao Enfrntamento dos efeitos da Pandemia de Covid-19 e autoriza a abertura de cr\u00e8dito especial ao Or\u00e7amento do Mun\u00edcipio de Cariri/TO em favor da unidade or\u00e7ament\u00e1ria que especifica e d\u00e1 outras provid\u00eancias.","indexacao":"","observacao":"","resultado":"","texto_original":"http://sapl.cariridotocantins.to.leg.br/media/sapl/public/materialegislativa/2020/300/projeto_de_lei_no_002_de_29_de_abril_de_2020._-_copia.pdf","data_ultima_atualizacao":"2020-05-04T13:56:25.958242-03:00","ip":"143.208.27.68","ultima_edicao":null,"tipo":1,"regime_tramitacao":1,"tipo_origem_externa":null,"local_origem_externa":null,"user":19,"anexadas":[],"autores":[18]}