{"id":308,"__str__":"Projeto de Lei Ordin\u00e1ria - Executivo n\u00ba 4 de 2020","link_detail_backend":"/materia/308","metadata":{},"numero":4,"ano":2020,"numero_protocolo":null,"data_apresentacao":"2020-06-03","tipo_apresentacao":"E","data_publicacao":null,"numero_origem_externa":"","ano_origem_externa":null,"data_origem_externa":null,"apelido":"","dias_prazo":null,"data_fim_prazo":null,"em_tramitacao":false,"polemica":false,"objeto":"","complementar":false,"ementa":"Disp\u00f5e sobre a Cria\u00e7\u00e3o da A\u00e7\u00e3o de Apoio ao enfretamento dos Efeitos da Pandemia de Covid-19 e autoriza a Abertura de Cr\u00e9dito especial ao Or\u00e7amento do Munic\u00edpio de Cariri do Tocantins-TO.","indexacao":"","observacao":"","resultado":"","texto_original":"http://sapl.cariridotocantins.to.leg.br/media/sapl/public/materialegislativa/2020/308/projeto_de_lei_no_004_2020.pdf","data_ultima_atualizacao":"2020-09-16T13:46:25.473329-03:00","ip":"143.208.27.68","ultima_edicao":"2020-09-16T13:42:44.476343-03:00","tipo":1,"regime_tramitacao":1,"tipo_origem_externa":null,"local_origem_externa":null,"user":19,"anexadas":[],"autores":[18]}