{"id":323,"__str__":"Projeto de Lei Ordin\u00e1ria - Executivo n\u00ba 14 de 2020","link_detail_backend":"/materia/323","metadata":{},"numero":14,"ano":2020,"numero_protocolo":null,"data_apresentacao":"2020-08-05","tipo_apresentacao":"E","data_publicacao":null,"numero_origem_externa":"","ano_origem_externa":null,"data_origem_externa":null,"apelido":"","dias_prazo":null,"data_fim_prazo":null,"em_tramitacao":false,"polemica":false,"objeto":"","complementar":false,"ementa":"Disp\u00f5e sobre a denomina\u00e7\u00e3o da Quadra de T\u00eanis, situada na Avenida JJ<, s/n, Setor Novo Horizonte, Cariri do TOcantins/TO para \"IVAN CARLOS MIRANDA DE SOUZA\", e d\u00e1 outras provid\u00eanicias.","indexacao":"","observacao":"","resultado":"","texto_original":"http://sapl.cariridotocantins.to.leg.br/media/sapl/public/materialegislativa/2020/323/projeto_de_lei_no_014_de_05_de_agosto_de_2020.pdf","data_ultima_atualizacao":"2020-12-04T16:30:38.869418-03:00","ip":"143.208.27.68","ultima_edicao":"2020-12-04T16:28:10.234542-03:00","tipo":1,"regime_tramitacao":1,"tipo_origem_externa":null,"local_origem_externa":null,"user":19,"anexadas":[],"autores":[18]}