{"id":396,"__str__":"Projeto de Lei Ordin\u00e1ria - Executivo n\u00ba 7 de 2022","link_detail_backend":"/materia/396","metadata":{},"numero":7,"ano":2022,"numero_protocolo":null,"data_apresentacao":"2022-01-31","tipo_apresentacao":"E","data_publicacao":null,"numero_origem_externa":"","ano_origem_externa":null,"data_origem_externa":null,"apelido":"","dias_prazo":null,"data_fim_prazo":null,"em_tramitacao":false,"polemica":false,"objeto":"","complementar":false,"ementa":"DISP\u00d5E SOBRE CRIAR O CARGO DE ASSESSOR ESPECIAL DOS SERVI\u00c7OS DE PROTE\u00c7\u00c3O SOCIAL DO CREAS NA ESTRUTURA ADMINISTRATIVA NA SECRETARIA MUNICIPAL DE ASSIST\u00caNCIA SOCIAL E D\u00c1 OUTRAS PROVID\u00caNCIAS.","indexacao":"","observacao":"","resultado":"","texto_original":"http://sapl.cariridotocantins.to.leg.br/media/sapl/public/materialegislativa/2022/396/projeto_de_lei_n_007_de_31_de_janeiro__de_2022..pdf","data_ultima_atualizacao":"2022-09-06T13:58:45.437696-03:00","ip":"143.208.27.68","ultima_edicao":"2022-09-06T13:53:38.726211-03:00","tipo":1,"regime_tramitacao":1,"tipo_origem_externa":null,"local_origem_externa":null,"user":20,"anexadas":[],"autores":[18]}