{"id":399,"__str__":"Projeto de Lei Ordin\u00e1ria - Executivo n\u00ba 33 de 2022","link_detail_backend":"/materia/399","metadata":{},"numero":33,"ano":2022,"numero_protocolo":null,"data_apresentacao":"2022-09-26","tipo_apresentacao":"E","data_publicacao":null,"numero_origem_externa":"","ano_origem_externa":null,"data_origem_externa":null,"apelido":"","dias_prazo":null,"data_fim_prazo":null,"em_tramitacao":true,"polemica":false,"objeto":"","complementar":false,"ementa":"DISP\u00d5E SOBRE ALTERA\u00c7\u00c3O DO ANEXO \u00daNICO  DA LEI 547 DE 9 DE DEZEMBRO DE 2021 PARA ACRESCENTAR UMA VAGA NA ESPECIALIDADE M\u00c9DICA DE PSIQUIATRIA E UMA VAGA NA ESPECIALIDADE M\u00c9DICA EM SA\u00daDE DA FAM\u00cdLIA E D\u00c1 OURAS PROVID\u00caNCIAS.","indexacao":"","observacao":"","resultado":"","texto_original":"http://sapl.cariridotocantins.to.leg.br/media/sapl/public/materialegislativa/2022/399/projeto_de_lei_no_033_de_26_09_2022_000027.pdf","data_ultima_atualizacao":"2022-10-03T13:31:17.922338-03:00","ip":"143.208.27.68","ultima_edicao":"2022-10-03T13:19:58.232300-03:00","tipo":1,"regime_tramitacao":1,"tipo_origem_externa":null,"local_origem_externa":null,"user":20,"anexadas":[],"autores":[18]}