{"id":413,"__str__":"Projeto de Lei Complementar - Executivo n\u00ba 1 de 2023","link_detail_backend":"/materia/413","metadata":{},"numero":1,"ano":2023,"numero_protocolo":null,"data_apresentacao":"2023-01-16","tipo_apresentacao":"E","data_publicacao":null,"numero_origem_externa":"","ano_origem_externa":null,"data_origem_externa":null,"apelido":"","dias_prazo":null,"data_fim_prazo":null,"em_tramitacao":false,"polemica":false,"objeto":"","complementar":false,"ementa":"Disp\u00f5e sobre Jornada de Trabalho do Profissional Medico Psiquiatra Lotado na Unidade Prisional de Cariri do Tocantins e d\u00e1 outras provid\u00eancias..","indexacao":"","observacao":"","resultado":"","texto_original":"http://sapl.cariridotocantins.to.leg.br/media/sapl/public/materialegislativa/2023/413/projeto_lei_complementat_no_001_de_16_de_janeiro_de_2023_17022023_0001.pdf","data_ultima_atualizacao":"2023-02-23T15:11:26.738816-03:00","ip":"143.208.26.219","ultima_edicao":"2023-02-23T15:08:23.331744-03:00","tipo":5,"regime_tramitacao":1,"tipo_origem_externa":null,"local_origem_externa":null,"user":20,"anexadas":[],"autores":[18]}