{"id":426,"__str__":"Projeto de Lei Ordin\u00e1ria - Executivo n\u00ba 8 de 2023","link_detail_backend":"/materia/426","metadata":{},"numero":8,"ano":2023,"numero_protocolo":null,"data_apresentacao":"2023-05-03","tipo_apresentacao":"E","data_publicacao":null,"numero_origem_externa":"","ano_origem_externa":null,"data_origem_externa":null,"apelido":"","dias_prazo":null,"data_fim_prazo":null,"em_tramitacao":false,"polemica":false,"objeto":"","complementar":false,"ementa":"Disp\u00f5e sobre a abertura de Cr\u00e9dito especial ao or\u00e7amento do munic\u00edpio de Cariri/TO em favor da unidade or\u00e7amentaria que especifica, e d\u00e1 outras provid\u00eancias.","indexacao":"","observacao":"","resultado":"","texto_original":"http://sapl.cariridotocantins.to.leg.br/media/sapl/public/materialegislativa/2023/426/projeto_de_lei_n_008_de_12_abril_de_2023_finalizado__000012.pdf","data_ultima_atualizacao":"2023-05-30T17:04:35.994760-03:00","ip":"143.208.24.230","ultima_edicao":"2023-05-30T17:00:37.661598-03:00","tipo":1,"regime_tramitacao":1,"tipo_origem_externa":null,"local_origem_externa":null,"user":20,"anexadas":[],"autores":[18]}