{"id":449,"__str__":"Indica\u00e7\u00e3o n\u00ba 17 de 2023","link_detail_backend":"/materia/449","metadata":{},"numero":17,"ano":2023,"numero_protocolo":null,"data_apresentacao":"2023-11-05","tipo_apresentacao":"E","data_publicacao":null,"numero_origem_externa":"","ano_origem_externa":null,"data_origem_externa":null,"apelido":"","dias_prazo":null,"data_fim_prazo":null,"em_tramitacao":false,"polemica":false,"objeto":"","complementar":false,"ementa":"A Disponibilidade de Caro pr\u00f3prio e especifico, seja popular ou ambul\u00e2ncia de acordo com a necessidade condi\u00e7\u00e3o do cidad\u00e3o, at\u00e9 \u00e1 unidade mais pr\u00f3xima do INSS, onde os mesmo precisam de per\u00edcia m\u00e9dica.","indexacao":"","observacao":"","resultado":"","texto_original":"http://sapl.cariridotocantins.to.leg.br/media/sapl/public/materialegislativa/2023/449/indicacao_n_017_000180.pdf","data_ultima_atualizacao":"2023-12-15T17:21:56.765285-03:00","ip":"143.208.26.229","ultima_edicao":"2023-12-15T17:18:33.995587-03:00","tipo":8,"regime_tramitacao":1,"tipo_origem_externa":null,"local_origem_externa":null,"user":20,"anexadas":[],"autores":[2]}