{"id":47,"__str__":"Indica\u00e7\u00e3o n\u00ba 27 de 2013","link_detail_backend":"/materia/47","metadata":{},"numero":27,"ano":2013,"numero_protocolo":null,"data_apresentacao":"2013-08-08","tipo_apresentacao":"E","data_publicacao":null,"numero_origem_externa":"027","ano_origem_externa":2013,"data_origem_externa":"2013-08-08","apelido":"","dias_prazo":null,"data_fim_prazo":null,"em_tramitacao":false,"polemica":false,"objeto":"","complementar":false,"ementa":"INDICA AO EXM\u00ba. SR\u00ba. PREFEITO MUNICIPAL PROVIDENCIAS NO SENTIDO DE INSTALA\u00c7\u00c3O DE ILUMINA\u00c7\u00c3O P\u00daBLICA NA AVENIDA PRINCIPAL QUE PASSA AO LADO DO GIN\u00c1SIO LUIZ POMPEU, DE ACESSO AO SETOR PLANALTO E AO BALNE\u00c1RIO MUNICIPAL NO MUNIC\u00cdPIO DE CARIRI DO TOCANTINS.","indexacao":"","observacao":"Aprovado dia 08/08/2013.","resultado":"","texto_original":"http://sapl.cariridotocantins.to.leg.br/media/sapl/public/materialegislativa/2013/47/47_texto_integral.pdf","data_ultima_atualizacao":"2018-09-27T10:13:27.188125-03:00","ip":"","ultima_edicao":null,"tipo":8,"regime_tramitacao":1,"tipo_origem_externa":8,"local_origem_externa":null,"user":null,"anexadas":[],"autores":[8]}