{"id":8,"__str__":"Indica\u00e7\u00e3o n\u00ba 1 de 2013","link_detail_backend":"/materia/8","metadata":{},"numero":1,"ano":2013,"numero_protocolo":null,"data_apresentacao":"2013-02-25","tipo_apresentacao":"E","data_publicacao":null,"numero_origem_externa":"","ano_origem_externa":null,"data_origem_externa":null,"apelido":"","dias_prazo":null,"data_fim_prazo":null,"em_tramitacao":false,"polemica":false,"objeto":"","complementar":false,"ementa":"INDICA AO EXMO. SR. PREFEITO MUNICIPAL PROVID\u00caNCIAS NO SENTIDO DE INSTITUIR O DIA MUNICIPAL DO EVANG\u00c9LICO.","indexacao":"","observacao":"Aprovado por unanimidade na Sess\u00e3o do dia 25/02/2013.","resultado":"","texto_original":"http://sapl.cariridotocantins.to.leg.br/media/sapl/public/materialegislativa/2013/8/8_texto_integral.tiff","data_ultima_atualizacao":"2018-09-27T10:13:27.220557-03:00","ip":"","ultima_edicao":null,"tipo":8,"regime_tramitacao":2,"tipo_origem_externa":null,"local_origem_externa":null,"user":null,"anexadas":[],"autores":[2]}