{"id":9,"__str__":"Projeto de Lei Ordin\u00e1ria - Executivo n\u00ba 1 de 2013","link_detail_backend":"/materia/9","metadata":{},"numero":1,"ano":2013,"numero_protocolo":null,"data_apresentacao":"2013-01-31","tipo_apresentacao":"E","data_publicacao":null,"numero_origem_externa":"","ano_origem_externa":null,"data_origem_externa":null,"apelido":"","dias_prazo":null,"data_fim_prazo":null,"em_tramitacao":false,"polemica":false,"objeto":"","complementar":false,"ementa":"AUTORIZA A DOA\u00c7\u00c3O DE \u00c1REA DE TERRAS DE DOM\u00cdNIO DO MUNIC\u00cdPIO, COM ENCARGOS, \u00c0 EMPRESA, E D\u00c1 OUTRAS PROVID\u00caNCIAS. (SU\u00c9CIA VE\u00cdCULOS S/A - CONCESSION\u00c1RIA VOLVO).","indexacao":"","observacao":"Aprova\u00e7\u00e3o em 30/01/2013","resultado":"","texto_original":"http://sapl.cariridotocantins.to.leg.br/media/sapl/public/materialegislativa/2013/9/9_texto_integral.pdf","data_ultima_atualizacao":"2018-09-27T10:13:27.156792-03:00","ip":"","ultima_edicao":null,"tipo":1,"regime_tramitacao":1,"tipo_origem_externa":null,"local_origem_externa":null,"user":null,"anexadas":[],"autores":[3]}