{"headers": {"id": "ID", "ano": "Ano", "numero": "N\u00famero", "tipo__sigla": "Tipo de Mat\u00e9ria Legislativa/Sigla", "tipo__descricao": "Tipo de Mat\u00e9ria Legislativa/Descri\u00e7\u00e3o", "autoria": "Autorias", "texto_original": "Texto Original", "ementa": "Ementa"}, "results": [{"id": "8", "ano": "2013", "numero": "1", "tipo__sigla": "IND", "tipo__descricao": "Indica\u00e7\u00e3o", "autoria": "Professor Ederson", "texto_original": "http://sapl.cariridotocantins.to.leg.br/media/./sapl/public/materialegislativa/2013/8/8_texto_integral.tiff", "ementa": "INDICA AO EXMO. SR. PREFEITO MUNICIPAL PROVID\u00caNCIAS NO SENTIDO DE INSTITUIR O DIA MUNICIPAL DO EVANG\u00c9LICO."}, {"id": "10", "ano": "2013", "numero": "2", "tipo__sigla": "IND", "tipo__descricao": "Indica\u00e7\u00e3o", "autoria": "Ver. Crist\u00f3v\u00e3o", "texto_original": "http://sapl.cariridotocantins.to.leg.br/media/./sapl/public/materialegislativa/2013/10/10_texto_integral.pdf", "ementa": "INDICA AO EXM.\u00ba SR. PREFEITO MUNICIPAL PROVIDENCIAS NO SENTIDO DE TRAZER O SINAL DA TV ANHANGUERA PARA O MUNICIPIO DE CARIRI DO TOCANTINS, DANDO OUTRAS PROVIDENCIAS."}, {"id": "12", "ano": "2013", "numero": "3", "tipo__sigla": "IND", "tipo__descricao": "Indica\u00e7\u00e3o", "autoria": "Ver. Gero Laimer", "texto_original": "http://sapl.cariridotocantins.to.leg.br/media/./sapl/public/materialegislativa/2013/12/12_texto_integral.pdf", "ementa": "INDICA AO EXMO. PREFEITO MUNICIPAL PROVID\u00caNCIAS NO SENTIDO DE REFORMA URGENTE NA LAGE DE ENTRADA UNIDADE B\u00c1SICA DE SA\u00daDE DE CARIRI DO TOCANTINS."}, {"id": "14", "ano": "2013", "numero": "4", "tipo__sigla": "IND", "tipo__descricao": "Indica\u00e7\u00e3o", "autoria": "VER. REGINALDO (PIAU)", "texto_original": "http://sapl.cariridotocantins.to.leg.br/media/./sapl/public/materialegislativa/2013/14/14_texto_integral.pdf", "ementa": "INDICA AO EXM\u00ba SR. PREFEITO MUNICIPAL PROVIDENCIAS NO SENTIDO DE PATROLAR E ENCASCALHAR O FINAL DAS AVENIDAS ARLINDO MARTINS E CASTELO BRANCO."}, {"id": "15", "ano": "2013", "numero": "5", "tipo__sigla": "IND", "tipo__descricao": "Indica\u00e7\u00e3o", "autoria": "VER. REGINALDO (PIAU)", "texto_original": "http://sapl.cariridotocantins.to.leg.br/media/./sapl/public/materialegislativa/2013/15/15_texto_integral.pdf", "ementa": "INDICA AO EXM\u00ba SR. PREFEITO MUNICIPAL PROVID\u00caNCIAS NO SENTIDO DE INSTALAR REDE DE \u00c1GUA EM RUAS QUE ESPECIFICA."}, {"id": "16", "ano": "2013", "numero": "6", "tipo__sigla": "IND", "tipo__descricao": "Indica\u00e7\u00e3o", "autoria": "Ver. Ivonete, Professor Ederson, VER. ALEM\u00c3O, Ver. Arivan, Ver. Crist\u00f3v\u00e3o, VER. EPIT\u00c1CIO, Ver. Gero Laimer, VER. PAULINHO, VER. REGINALDO (PIAU)", "texto_original": "http://sapl.cariridotocantins.to.leg.br/media/./sapl/public/materialegislativa/2013/16/16_texto_integral.pdf", "ementa": "INDICA AO PREFEITO MUNICIPAL, AO MINIST\u00c9RIO DAS COMUNICA\u00c7\u00d5ES OU \u00d3RG\u00c3OS COMPETENTES, PROVID\u00caNCIAS NO SENTIDO DE CRIAR E IMPLANTAR O PROJETO \"CIDADE DIGITAL\" NA CIDADE DE CARIRI DO TOCANTINS."}, {"id": "17", "ano": "2013", "numero": "7", "tipo__sigla": "IND", "tipo__descricao": "Indica\u00e7\u00e3o", "autoria": "Professor Ederson", "texto_original": "http://sapl.cariridotocantins.to.leg.br/media/./sapl/public/materialegislativa/2013/17/17_texto_integral.pdf", "ementa": "INDICA AO EXM\u00ba SR. PREFEITO MUNICIPAL PROVID\u00caNCIAS NO SENTIDO DE INSTITUIR PLACAS NUM\u00c9RICAS PARA CASAS E REGULARIZA\u00c7\u00c3O DAS PLACAS DAS RUAS DA CIDADE DE CARIRI DO TOCANTINS."}, {"id": "18", "ano": "2013", "numero": "8", "tipo__sigla": "IND", "tipo__descricao": "Indica\u00e7\u00e3o", "autoria": "Professor Ederson", "texto_original": "http://sapl.cariridotocantins.to.leg.br/media/./sapl/public/materialegislativa/2013/18/18_texto_integral.pdf", "ementa": "INDICA AO EXM\u00ba SR. PREFEITO MUNICIPAL PROVID\u00caNCIAS NO SENTIDO DE IMPLANTAR A EQUIPE DO PSF RURAL NO MUNICIPIO DE CARIRI DO TOCANTINS."}, {"id": "19", "ano": "2013", "numero": "9", "tipo__sigla": "IND", "tipo__descricao": "Indica\u00e7\u00e3o", "autoria": "Ver. Gero Laimer", "texto_original": "http://sapl.cariridotocantins.to.leg.br/media/./sapl/public/materialegislativa/2013/19/19_texto_integral.pdf", "ementa": "INDICA AO EXM\u00ba SR. PREFEITO MUNICIPAL PROVID\u00caNCIAS NO SENTIDO DE INSTALA\u00c7\u00c3O DE REDUTORES DE VELOCIDADE (QUEBRA-MOLAS) DENTRO DO PER\u00cdMETRO URBANO DE CARIRI DO TOCANTINS."}, {"id": "20", "ano": "2013", "numero": "10", "tipo__sigla": "IND", "tipo__descricao": "Indica\u00e7\u00e3o", "autoria": "VER. REGINALDO (PIAU)", "texto_original": "http://sapl.cariridotocantins.to.leg.br/media/./sapl/public/materialegislativa/2013/20/20_texto_integral.pdf", "ementa": "INDICA AO EXM.\u00ba SR. PREFEITO MUNICIPAL PROVID\u00caNCIAS NO SENTIDO DE ACRESCENTAR 05 (CINCO) BOLSAS UNIVERSIT\u00c1RIA NO PROGRAMA NOSSA BOLSA UNIVERSIT\u00c1RIA."}, {"id": "21", "ano": "2013", "numero": "11", "tipo__sigla": "IND", "tipo__descricao": "Indica\u00e7\u00e3o", "autoria": "Professor Ederson", "texto_original": "http://sapl.cariridotocantins.to.leg.br/media/./sapl/public/materialegislativa/2013/21/21_texto_integral.pdf", "ementa": "INDICA AO EXM.\u00ba PREFEITO MUNICIPAL PROVID\u00caNCIAS NO SENTIDO DE CRIAR O PROJETO PREFESSOR NOTA 10 NO MUNICIPIO DE CARIRI DO TOCANTINS."}, {"id": "22", "ano": "2013", "numero": "12", "tipo__sigla": "IND", "tipo__descricao": "Indica\u00e7\u00e3o", "autoria": "Professor Ederson", "texto_original": "http://sapl.cariridotocantins.to.leg.br/media/./sapl/public/materialegislativa/2013/22/22_texto_integral.pdf", "ementa": "INDICA AO EXM.\u00ba SR. PREFEITO MUNICIPAL PROVID\u00caNCIAS NO SENTIDO DE DOAR TERRENO PARA CONSTRU\u00c7\u00c3O DE UMA IGREJA NO SETOR PLANALTO."}, {"id": "23", "ano": "2013", "numero": "13", "tipo__sigla": "IND", "tipo__descricao": "Indica\u00e7\u00e3o", "autoria": "VER. ALEM\u00c3O", "texto_original": "http://sapl.cariridotocantins.to.leg.br/media/./sapl/public/materialegislativa/2013/23/23_texto_integral.pdf", "ementa": "INDICA AO EXM.\u00ba SR. PREFEITO MUNICIPAL PROVID\u00caNCIAS NO SENTIDO DE CONCEDER PROGRESS\u00c3O VERTICAL  PARA 25 (VINTE E CINCO) PROFESSORES EFETIVOS  DA ESCOLA MUNICIPAL DIVINA RIBEIRO BORGES."}, {"id": "24", "ano": "2013", "numero": "14", "tipo__sigla": "IND", "tipo__descricao": "Indica\u00e7\u00e3o", "autoria": "Ver. Gero Laimer", "texto_original": "http://sapl.cariridotocantins.to.leg.br/media/./sapl/public/materialegislativa/2013/24/24_texto_integral.pdf", "ementa": "INDICA AO EXM.\u00ba SR. PREFEITO MUNICIPAL  PROVID\u00caNCIAS NO SENTIDO DE DOAR IM\u00d3VEL  PARA INSTALA\u00c7\u00c3O  DE UMA AG\u00caNCIA  DE CORREIOS NO MUNIC\u00cdPIO DE CARIRI DO TOCANTINS."}, {"id": "25", "ano": "2013", "numero": "15", "tipo__sigla": "IND", "tipo__descricao": "Indica\u00e7\u00e3o", "autoria": "Ver. Ivonete", "texto_original": "http://sapl.cariridotocantins.to.leg.br/media/./sapl/public/materialegislativa/2013/25/25_texto_integral.pdf", "ementa": "INDICA AO EXM.\u00ba SR. PREFEITO MUNICIPAL PROVID\u00caNCIAS NO SENTIDO  DE CONSTRUIR UMA CAPELA F\u00daNEBRE NO MUNIC\u00cdPIO DE CARIRI DO TOCANTINS."}, {"id": "26", "ano": "2013", "numero": "16", "tipo__sigla": "IND", "tipo__descricao": "Indica\u00e7\u00e3o", "autoria": "Professor Ederson", "texto_original": "http://sapl.cariridotocantins.to.leg.br/media/./sapl/public/materialegislativa/2013/26/26_texto_integral.pdf", "ementa": "INDICA AO EXM.\u00ba PREFEITO MUNICIPAL PROVID\u00caNCIAS NO SENTIDO DE REVITALIZAR A PRA\u00c7A PEDRO BATISTA, CONTRATAR UM JARDINEIRO/ZELADOR E REINSTALAR A FONTE LUMINOSA."}, {"id": "27", "ano": "2013", "numero": "17", "tipo__sigla": "IND", "tipo__descricao": "Indica\u00e7\u00e3o", "autoria": "Professor Ederson", "texto_original": "http://sapl.cariridotocantins.to.leg.br/media/./sapl/public/materialegislativa/2013/27/27_texto_integral.pdf", "ementa": "INDICA AO EXM.\u00ba PREFEITO MUNICIPAL PROVID\u00caNCIAS NO SENTIDO DE CRIAR A LEI DO PLANO DE CARREIRA, SAL\u00c1RIOS E SUBS\u00cdDIOS DOS SERVIDORES DA SA\u00daDE DO MUNIC\u00cdPIO DE CARIRI DO TOCANTINS - TO E PLANO DE CARREIRA  SAL\u00c1RIOS E SUBS\u00cdDIOS DOS SERVIDORES DO ADMINISTRATIVO DE CARIRI DO TOCANTINS."}, {"id": "28", "ano": "2013", "numero": "18", "tipo__sigla": "IND", "tipo__descricao": "Indica\u00e7\u00e3o", "autoria": "Professor Ederson", "texto_original": "http://sapl.cariridotocantins.to.leg.br/media/./sapl/public/materialegislativa/2013/28/28_texto_integral.pdf", "ementa": "INDICA AO EXM.\u00ba SR. PREFEITO MUNICIPAL PROVID\u00caNCIAS NO SENTIDO DE CRIAR A LEI QUE ABONA O DIA TRABALHADO NO DIA DO ANIVERS\u00c1RIO."}, {"id": "29", "ano": "2013", "numero": "19", "tipo__sigla": "IND", "tipo__descricao": "Indica\u00e7\u00e3o", "autoria": "Professor Ederson", "texto_original": "http://sapl.cariridotocantins.to.leg.br/media/./sapl/public/materialegislativa/2013/29/29_texto_integral.pdf", "ementa": "INDICA AO EXM.\u00ba SR. PREFEITO MUNICIPAL PROVID\u00caNCIAS NO SENTIDO DE CRIAR UM COMPLEXO ESPORTIVO NA QUADRA DA VILA FELIZ COM PISTA DE COOPER E A INSTALA\u00c7\u00c3O DA ACADEMIA POPULAR."}, {"id": "30", "ano": "2013", "numero": "20", "tipo__sigla": "IND", "tipo__descricao": "Indica\u00e7\u00e3o", "autoria": "VER. REGINALDO (PIAU)", "texto_original": "http://sapl.cariridotocantins.to.leg.br/media/./sapl/public/materialegislativa/2013/30/30_texto_integral.pdf", "ementa": "INDICA AO EXM.\u00ba SR. PREFEITO MUNICIPAL PROVID\u00caNCIAS NO SENTIDO DE DOAR UM TERRENO PARA INSTALA\u00c7\u00c3O DE UMA EMPRESA."}, {"id": "31", "ano": "2013", "numero": "21", "tipo__sigla": "IND", "tipo__descricao": "Indica\u00e7\u00e3o", "autoria": "VER. REGINALDO (PIAU)", "texto_original": "http://sapl.cariridotocantins.to.leg.br/media/./sapl/public/materialegislativa/2013/31/31_texto_integral.pdf", "ementa": "INDICA AO EXM.\u00ba SR.PREFEITO MUNICIPAL PROVID\u00caNCIAS NO SENTIDO DE CONSTRUIR QUIOSQUES NO BALNE\u00c1RIO MUNICIPAL E INSTALA\u00c7\u00c3O DE CERCA DE PROTE\u00c7\u00c3O NAS PISCINAS."}, {"id": "32", "ano": "2013", "numero": "22", "tipo__sigla": "IND", "tipo__descricao": "Indica\u00e7\u00e3o", "autoria": "VER. REGINALDO (PIAU), VER. PAULINHO", "texto_original": "http://sapl.cariridotocantins.to.leg.br/media/./sapl/public/materialegislativa/2013/32/32_texto_integral.pdf", "ementa": "INDICA AO EXM.\u00ba SR.PREFEITO MUNICIPAL PROVID\u00caNCIAS NO SENTIDO DE CRIAR O DIA DO FRENTISTA."}, {"id": "33", "ano": "2013", "numero": "23", "tipo__sigla": "IND", "tipo__descricao": "Indica\u00e7\u00e3o", "autoria": "Professor Ederson", "texto_original": "http://sapl.cariridotocantins.to.leg.br/media/./sapl/public/materialegislativa/2013/33/33_texto_integral.pdf", "ementa": "INDICA AO EXM.\u00ba SR. PREFEITO MUNICIPAL DE CARIRI DO TOCANTINS PROVID\u00caNCIAS NO SENTIDO DE CONCEDER T\u00cdTULO DE CIDAD\u00c3O CARIRIENSE AOS REVEREND\u00cdSSIMOS PADRES DIVINO RODRIGUES MACIEL E EDILVAN CAVALCANTE MILHOMEM."}, {"id": "34", "ano": "2013", "numero": "24", "tipo__sigla": "IND", "tipo__descricao": "Indica\u00e7\u00e3o", "autoria": "Ver. Ivonete", "texto_original": "http://sapl.cariridotocantins.to.leg.br/media/./sapl/public/materialegislativa/2013/34/34_texto_integral.pdf", "ementa": "INDICA AO EXM.\u00ba SR. PREFEITO MUNICIPAL PROVID\u00caNCIAS NO SENTIDO DE CONSTRUIR 03 (TR\u00caS) MATA-BURROS E AUMENTAR O ATERRO DA REPRESA NA FAZENDA SANTA HELENA, MUNICIPIO DE CARIRI DO TOCANTINS. "}, {"id": "45", "ano": "2013", "numero": "25", "tipo__sigla": "IND", "tipo__descricao": "Indica\u00e7\u00e3o", "autoria": "Ver. Gero Laimer", "texto_original": "http://sapl.cariridotocantins.to.leg.br/media/./sapl/public/materialegislativa/2013/45/45_texto_integral.pdf", "ementa": "INDICA AO EXM\u00ba SR\u00ba PREFEITO MUNICIPAL E JUNTO A SECRETARIA DE ESPORTES PROVIDENCIAS NO SENTIDO DE INSTALA\u00c7\u00c3O DE TELA DE CONTEN\u00c7\u00c3O DE BOLAS E ILUMINA\u00c7\u00c3O, COM INSTALA\u00c7\u00c3O DE REFLETORES PARA O EXERC\u00cdCIO DE JOGOS NOTURNOS NO CAMPO SOCIETY  NO MUNIC\u00cdPIO DE CARIRI DO TOCANTINS."}, {"id": "46", "ano": "2013", "numero": "26", "tipo__sigla": "IND", "tipo__descricao": "Indica\u00e7\u00e3o", "autoria": "Ver. Gero Laimer", "texto_original": "http://sapl.cariridotocantins.to.leg.br/media/./sapl/public/materialegislativa/2013/46/46_texto_integral.pdf", "ementa": "INDICA AO EXM\u00ba SR\u00ba. PREFEITO MUNICIPAL PROVIDENCIAS NO SENTIDO DE COMPRA OU AQUISI\u00c7\u00c3O DE VACINA CONTRA FEBRE AFTOSA PARA PEQUENOS PROPRIET\u00c1RIOS DE ANIMAIS NOS ASSENTAMENTOS DO MUNIC\u00cdPIO DE CARIRI DO TOCANTINS."}, {"id": "47", "ano": "2013", "numero": "27", "tipo__sigla": "IND", "tipo__descricao": "Indica\u00e7\u00e3o", "autoria": "Ver. Gero Laimer", "texto_original": "http://sapl.cariridotocantins.to.leg.br/media/./sapl/public/materialegislativa/2013/47/47_texto_integral.pdf", "ementa": "INDICA AO EXM\u00ba. SR\u00ba. PREFEITO MUNICIPAL PROVIDENCIAS NO SENTIDO DE INSTALA\u00c7\u00c3O DE ILUMINA\u00c7\u00c3O P\u00daBLICA NA AVENIDA PRINCIPAL QUE PASSA AO LADO DO GIN\u00c1SIO LUIZ POMPEU, DE ACESSO AO SETOR PLANALTO E AO BALNE\u00c1RIO MUNICIPAL NO MUNIC\u00cdPIO DE CARIRI DO TOCANTINS."}, {"id": "48", "ano": "2013", "numero": "28", "tipo__sigla": "IND", "tipo__descricao": "Indica\u00e7\u00e3o", "autoria": "Ver. Gero Laimer", "texto_original": "http://sapl.cariridotocantins.to.leg.br/media/./sapl/public/materialegislativa/2013/48/48_texto_integral.pdf", "ementa": "INDICA AO EXM\u00ba SR\u00ba PREFEITO MUNICIPAL PROVIDENCIAS NO SENTIDO DE LEVANTAR O ATERRO DA REPRESA NA CH\u00c1CARA S\u00c3O RAIMUNDO NO ASSENTAMENTO P.A. COIMBRA NO MUNIC\u00cdPIO DE CARIRI DO TOCANTINS."}, {"id": "49", "ano": "2013", "numero": "29", "tipo__sigla": "IND", "tipo__descricao": "Indica\u00e7\u00e3o", "autoria": "VER. REGINALDO (PIAU)", "texto_original": "http://sapl.cariridotocantins.to.leg.br/media/./sapl/public/materialegislativa/2013/49/49_texto_integral.pdf", "ementa": "INDICA AO EXM\u00ba SR\u00ba PREFEITO MUNICIPAL PROVIDENCIAS NO SENTIDO DE DOAR UMA CASA POPULAR PARA A SR\u00aa MARIA DA PENHA GOMES."}, {"id": "50", "ano": "2013", "numero": "30", "tipo__sigla": "IND", "tipo__descricao": "Indica\u00e7\u00e3o", "autoria": "VER. REGINALDO (PIAU)", "texto_original": "http://sapl.cariridotocantins.to.leg.br/media/./sapl/public/materialegislativa/2013/50/50_texto_integral.pdf", "ementa": "INDICA AO EXM\u00ba SR\u00ba PREFEITO MUNICIPAL PROVIDENCIAS NO SENTIDO DE CONCEDER EQUIDADE SALARIAL AO CARGO DOS MOTORISTAS DAS CA\u00c7AMBAS E OPERADORES DE M\u00c1QUINAS PESADAS."}, {"id": "53", "ano": "2013", "numero": "31", "tipo__sigla": "IND", "tipo__descricao": "Indica\u00e7\u00e3o", "autoria": "Professor Ederson", "texto_original": "http://sapl.cariridotocantins.to.leg.br/media/./sapl/public/materialegislativa/2013/53/53_texto_integral.pdf", "ementa": "INDICA A EXM\u00aa. SR\u00aa.PRESIDENTE DA C\u00c2MARA MUNICIPAL DE CARIRI DO TOCANTINS,PROVIDENCIAS NO SENTIDO DE CONCEDER TITILO DE CIDAD\u00c3 CARIRIENCE \u00c1S ILUSTR\u00cdSSIMAS PROFESSORAS SUZANA MARIA PEREIRA DOS SANTOS E S\u00d4NIA MARIA CARLOS.  "}, {"id": "55", "ano": "2013", "numero": "32", "tipo__sigla": "IND", "tipo__descricao": "Indica\u00e7\u00e3o", "autoria": "Professor Ederson", "texto_original": "http://sapl.cariridotocantins.to.leg.br/media/./sapl/public/materialegislativa/2013/55/55_texto_integral.pdf", "ementa": "INDICA AO EXM.\u00ba PREFEITO MUNICIPAL PROVID\u00caNCIAS NO SENTIDO DE REVER URGENTEMENTE A LEI PARA ALTERA\u00c7\u00d5ES DOS VALORES DAS DI\u00c1RIAS DOS SERVIDORES P\u00daBLICOS MUNICIPAIS."}, {"id": "56", "ano": "2013", "numero": "33", "tipo__sigla": "IND", "tipo__descricao": "Indica\u00e7\u00e3o", "autoria": "Professor Ederson", "texto_original": "http://sapl.cariridotocantins.to.leg.br/media/./sapl/public/materialegislativa/2013/56/56_texto_integral.pdf", "ementa": "INDICA AO EXM\u00ba. SR\u00ba PREFEITO MUNICIPAL DE CARIRI DO TOCANTINS PROVIDENCIAS NO SENTIDO DE INSTITUIR O PROJETO VERDEJANDO CARIRI."}, {"id": "57", "ano": "2013", "numero": "34", "tipo__sigla": "IND", "tipo__descricao": "Indica\u00e7\u00e3o", "autoria": "Ver. Gero Laimer", "texto_original": "http://sapl.cariridotocantins.to.leg.br/media/./sapl/public/materialegislativa/2013/57/57_texto_integral.pdf", "ementa": "INDICA AO EXM\u00ba. PREFEITO MUNICIPAL PROVIDENCIAS NO SENTIDO DE CRIAR O DEPARTAMENTO MUNICIPAL DE TRANSITO-DMT, NO MUNICIPIO DE CARIRI DO TOCANTINS."}, {"id": "58", "ano": "2013", "numero": "35", "tipo__sigla": "IND", "tipo__descricao": "Indica\u00e7\u00e3o", "autoria": "Ver. Gero Laimer", "texto_original": "http://sapl.cariridotocantins.to.leg.br/media/./sapl/public/materialegislativa/2013/58/58_texto_integral.pdf", "ementa": "INDICA AO EXM\u00ba. SR.PREFEITO MUNICIPAL PROVID\u00caNCIAS NO SENTIDO DE IMPLANTAR O DETRAN/TO NO MUNIC\u00cdPIO DE CARIRI DO TOCANTINS."}, {"id": "59", "ano": "2013", "numero": "36", "tipo__sigla": "IND", "tipo__descricao": "Indica\u00e7\u00e3o", "autoria": "Ver. Gero Laimer", "texto_original": "http://sapl.cariridotocantins.to.leg.br/media/./sapl/public/materialegislativa/2013/59/59_texto_integral.pdf", "ementa": "INDICA AO EXM\u00ba. PREFEITO MUNICIPAL PROVID\u00caNCIAS NO SENTIDO DE CONSTRUIR UM PONTO DE \u00d4NIBUS E/OU UMA RODOVI\u00c1RIA NO MUNIC\u00cdPIO DE CARIRI DO TOCANTINS. "}, {"id": "35", "ano": "2013", "numero": "1", "tipo__sigla": "PDL", "tipo__descricao": "Projeto de Decreto Legislativo", "autoria": "Professor Ederson", "texto_original": "http://sapl.cariridotocantins.to.leg.br/media/./sapl/public/materialegislativa/2013/35/35_texto_integral.pdf", "ementa": "CONCEDE O T\u00cdTULO DE CIDAD\u00c3O CARIRIENSE AS PESSOAS QUE IDENTIFICA, DANDO OUTRAS PROVID\u00caNCIAS. (PADRE DIVINO RODRIGUES MACIEL E EDIVAN CAVALCANTE MILHOMEM)."}, {"id": "41", "ano": "2013", "numero": "1", "tipo__sigla": "PLC-E", "tipo__descricao": "Projeto de Lei Complementar - Executivo", "autoria": "Jos\u00e9 Gomes", "texto_original": "http://sapl.cariridotocantins.to.leg.br/media/./sapl/public/materialegislativa/2013/41/41_texto_integral.pdf", "ementa": "ALTERA A LEI COMPLEMENTAR N\u00ba 004/2009, QUE DISP\u00d5E SOBRE A NOVA ESTRUTURA ADMINISTRATIVA DA PREFEITURA MUNICIPAL DE CARIRI DO TOCANTINS E D\u00c1 OUTRAS PROVID\u00caNCIAS."}, {"id": "40", "ano": "2013", "numero": "1", "tipo__sigla": "PLC-L", "tipo__descricao": "Projeto de Lei Complementar - Legislativo", "autoria": "Ver. Ivonete", "texto_original": "http://sapl.cariridotocantins.to.leg.br/media/./sapl/public/materialegislativa/2013/40/40_texto_integral.pdf", "ementa": "ALTERA A LEI COMPLEMENTAR N\u00ba 003/2009, DE 19 DE FEVEREIRO DE 2009 E REVOGA OS DISPOSITIVOS QUE ESPECIFICA, DANDO OUTRAS PROVID\u00caNCIAS."}, {"id": "9", "ano": "2013", "numero": "1", "tipo__sigla": "PLO-E", "tipo__descricao": "Projeto de Lei Ordin\u00e1ria - Executivo", "autoria": "Jos\u00e9 Gomes", "texto_original": "http://sapl.cariridotocantins.to.leg.br/media/./sapl/public/materialegislativa/2013/9/9_texto_integral.pdf", "ementa": "AUTORIZA A DOA\u00c7\u00c3O DE \u00c1REA DE TERRAS DE DOM\u00cdNIO DO MUNIC\u00cdPIO, COM ENCARGOS, \u00c0 EMPRESA, E D\u00c1 OUTRAS PROVID\u00caNCIAS. (SU\u00c9CIA VE\u00cdCULOS S/A - CONCESSION\u00c1RIA VOLVO)."}, {"id": "42", "ano": "2013", "numero": "2", "tipo__sigla": "PLO-E", "tipo__descricao": "Projeto de Lei Ordin\u00e1ria - Executivo", "autoria": "Jos\u00e9 Gomes", "texto_original": "http://sapl.cariridotocantins.to.leg.br/media/./sapl/public/materialegislativa/2013/42/42_texto_integral.pdf", "ementa": "DESAFETA, INCORPORA AOS BENS DOMINICAIS E AUTORIZA O PODER EXECUTIVO MUNICIPAL A PROCEDER O DESMEMBRAMENTO DE UMA \u00c1REA DE TERRAS REMANESCENTE DO DOM\u00cdNIO DO MUNIC\u00cdPIO, E DOAR COM ENCARGOS \u00c0 EMPRESA E D\u00c1 OUTRAS PROVID\u00caNCIAS. (COSTEIRA TRANSPORTES E SERVI\u00c7OS LTDA)."}, {"id": "36", "ano": "2013", "numero": "3", "tipo__sigla": "PLO-E", "tipo__descricao": "Projeto de Lei Ordin\u00e1ria - Executivo", "autoria": "Jos\u00e9 Gomes", "texto_original": "http://sapl.cariridotocantins.to.leg.br/media/./sapl/public/materialegislativa/2013/36/36_texto_integral.pdf", "ementa": "ACRESCENTA ARTIGO A LEI N\u00ba 356/2013, DE 01 DE FEVEREIRO DE 2013, E D\u00c1 OUTRAS PROVID\u00caNCIAS. (REF.: DOA\u00c7\u00c3O DE \u00c1REA A EMPRESA SU\u00c9CIA VE\u00cdCULOS S/A - CONCESSION\u00c1RIA VOLVO)."}, {"id": "43", "ano": "2013", "numero": "4", "tipo__sigla": "PLO-E", "tipo__descricao": "Projeto de Lei Ordin\u00e1ria - Executivo", "autoria": "Jos\u00e9 Gomes", "texto_original": "http://sapl.cariridotocantins.to.leg.br/media/./sapl/public/materialegislativa/2013/43/43_texto_integral.pdf", "ementa": "AUTORIZA A CONTRATA\u00c7\u00c3O DE PESSOAL POR TEMPO DETERMINADO, PARA ATENDER A NECESSIDADE TEMPOR\u00c1RIA DE EXCEPCIONAL INTERESSE P\u00daBLICO AT\u00c9 A REALIZA\u00c7\u00c3O DE CONCURSO P\u00daBLICO E D\u00c1 OUTRAS PROVID\u00caNCIAS."}, {"id": "44", "ano": "2013", "numero": "5", "tipo__sigla": "PLO-E", "tipo__descricao": "Projeto de Lei Ordin\u00e1ria - Executivo", "autoria": "Jos\u00e9 Gomes", "texto_original": "http://sapl.cariridotocantins.to.leg.br/media/./sapl/public/materialegislativa/2013/44/44_texto_integral.pdf", "ementa": "ACRESCENTA ARTIGO A LEI N\u00ba 357/2013, DE 04 DE FEVEREIRO DE 2013, E D\u00c1 OUTRAS PROVID\u00caNCIAS. (REF.: DOA\u00c7\u00c3O DE \u00c1REA A EMPRESA COSTEIRA TRANSPORTES E SERVI\u00c7OS LTDA)."}, {"id": "37", "ano": "2013", "numero": "6", "tipo__sigla": "PLO-E", "tipo__descricao": "Projeto de Lei Ordin\u00e1ria - Executivo", "autoria": "Jos\u00e9 Gomes", "texto_original": "http://sapl.cariridotocantins.to.leg.br/media/./sapl/public/materialegislativa/2013/37/37_texto_integral.pdf", "ementa": "REVOGA A LEI N\u00ba 124, DE 13 DE DEZEMBRO DE 1999 E D\u00c1 OUTRAS PROVID\u00caNCIAS. (QUE REGULAMENTA E AUTORIZA A OUTORGA DA CONCESS\u00c3O DOS SERVI\u00c7OS P\u00daBLICOS DE \u00c1GUA E ESGOTO)."}, {"id": "13", "ano": "2013", "numero": "7", "tipo__sigla": "PLO-E", "tipo__descricao": "Projeto de Lei Ordin\u00e1ria - Executivo", "autoria": "Jos\u00e9 Gomes", "texto_original": "http://sapl.cariridotocantins.to.leg.br/media/./sapl/public/materialegislativa/2013/13/13_texto_integral.pdf", "ementa": "CRIA O SAEC - SERVI\u00c7O MUNICIPAL DE \u00c1GUA E ESGOTO DO CARIRI DO TOCANTINS E D\u00c1 OUTRAS PROVID\u00caNCIAS."}, {"id": "38", "ano": "2013", "numero": "8", "tipo__sigla": "PLO-E", "tipo__descricao": "Projeto de Lei Ordin\u00e1ria - Executivo", "autoria": "Jos\u00e9 Gomes", "texto_original": "http://sapl.cariridotocantins.to.leg.br/media/./sapl/public/materialegislativa/2013/38/38_texto_integral.pdf", "ementa": "REVOGA A LEI N\u00ba 264, DE 12 DEZEMBRO DE 2006 E D\u00c1 OUTRAS PROVID\u00caNCIAS. (QUE DISP\u00d5E SOBRE PENS\u00c3O)."}, {"id": "39", "ano": "2013", "numero": "9", "tipo__sigla": "PLO-E", "tipo__descricao": "Projeto de Lei Ordin\u00e1ria - Executivo", "autoria": "Jos\u00e9 Gomes", "texto_original": "http://sapl.cariridotocantins.to.leg.br/media/./sapl/public/materialegislativa/2013/39/39_texto_integral.pdf", "ementa": "CONCEDE ESTABILIDADE FUNCIONAL A AGENTES COMUNIT\u00c1RIOS DE SA\u00daDE - ACS E D\u00c1 OUTRAS PROVID\u00caNCIAS."}, {"id": "11", "ano": "2013", "numero": "11", "tipo__sigla": "PLO-E", "tipo__descricao": "Projeto de Lei Ordin\u00e1ria - Executivo", "autoria": "Jos\u00e9 Gomes", "texto_original": "http://sapl.cariridotocantins.to.leg.br/media/./sapl/public/materialegislativa/2013/11/11_texto_integral.pdf", "ementa": "INSTITUI O DIA DO EVANG\u00c9LICO E D\u00c1 OUTRAS PROVIDENCIAS."}, {"id": "91", "ano": "2013", "numero": "12", "tipo__sigla": "PLO-E", "tipo__descricao": "Projeto de Lei Ordin\u00e1ria - Executivo", "autoria": "", "texto_original": "http://sapl.cariridotocantins.to.leg.br/media/./sapl/public/materialegislativa/2013/91/91_texto_integral.pdf", "ementa": "AUTORIZA O PODER EXECUTIVO MUNICIPAL A CRIAR O PROGRAMA MUNICIPAL DE DESENVOLVIMENTO DA CADEIA PRODUTIVA DA AQUICULTURA FAMILIAR, BEM COMO UTILIZAR RECURSOS NA PROMO\u00c7\u00c3O DE A\u00c7\u00d5ES DE APOIO E INCENTIVO \u00c1 ATIVIDADE E D\u00c1 OUTRAS PROVID\u00caNCIAS. "}, {"id": "92", "ano": "2013", "numero": "13", "tipo__sigla": "PLO-E", "tipo__descricao": "Projeto de Lei Ordin\u00e1ria - Executivo", "autoria": "", "texto_original": "http://sapl.cariridotocantins.to.leg.br/media/./sapl/public/materialegislativa/2013/92/92_texto_integral.pdf", "ementa": "INSTITUI A LEI GERAL MUNICIPAL DA MICROEMPRESA, EMPRESA DE PEQUENO PORTE E MICROEMPREENDEDOR INDIVIDUAL,E D\u00c1 OUTRAS PROVID\u00caNCIAS."}, {"id": "93", "ano": "2013", "numero": "14", "tipo__sigla": "PLO-E", "tipo__descricao": "Projeto de Lei Ordin\u00e1ria - Executivo", "autoria": "", "texto_original": "http://sapl.cariridotocantins.to.leg.br/media/./sapl/public/materialegislativa/2013/93/93_texto_integral.pdf", "ementa": "DISP\u00d5E SOBRE AS DIRETRIZES GERAIS PARA A ELABORA\u00c7\u00c3O DA LEI OR\u00c7AMENT\u00c1RIA DE 2014 (ANO REFERENCIA DE 2013) E D\u00c1 OUTRAS PROVID\u00caNCIAS."}, {"id": "94", "ano": "2013", "numero": "15", "tipo__sigla": "PLO-E", "tipo__descricao": "Projeto de Lei Ordin\u00e1ria - Executivo", "autoria": "", "texto_original": "http://sapl.cariridotocantins.to.leg.br/media/./sapl/public/materialegislativa/2013/94/94_texto_integral.pdf", "ementa": "DISP\u00d5E SOBRE O SISTEMA MUNICIPAL DE CULTURA DE CARIRI DO TOCANTINS -TO, SEUS PRINC\u00cdPIOS, OBJETIVOS, ESTRUTURA, ORGANIZA\u00c7\u00c3O, GEST\u00c3O INTERRELA\u00c7\u00d5ES ENTRE OS SEUS COMPONENTES,RECURSOS HUMANOS,FINANCIAMENTO E D\u00c1 OUTRAS PROVID\u00caNCIAS. "}, {"id": "99", "ano": "2013", "numero": "16", "tipo__sigla": "PLO-E", "tipo__descricao": "Projeto de Lei Ordin\u00e1ria - Executivo", "autoria": "", "texto_original": "http://sapl.cariridotocantins.to.leg.br/media/./sapl/public/materialegislativa/2013/99/99_texto_integral.pdf", "ementa": "CRIA O FUNDO MUNICIPAL SOBRE DROGAS E D\u00c1 OUTRAS PROVID\u00caNCIAS."}, {"id": "100", "ano": "2013", "numero": "17", "tipo__sigla": "PLO-E", "tipo__descricao": "Projeto de Lei Ordin\u00e1ria - Executivo", "autoria": "Jos\u00e9 Gomes", "texto_original": "http://sapl.cariridotocantins.to.leg.br/media/./sapl/public/materialegislativa/2013/100/100_texto_integral.pdf", "ementa": "AUTORIZA O PODER EXECUTIVO A PROCEDER A PERMUTA DE BEM IM\u00d3VEL DA ADMINISTRA\u00c7\u00c3O A P\u00daBLICA, COM BEM IM\u00d3VEL PARTICULAR PARA EXPANS\u00c3O DA \u00c1REA DE IMPLANTA\u00c7\u00c3O DE EMPRESAS COMERCIAIS E INDUSTRIAIS E D\u00c1 OUTRAS PROVID\u00caNCIAS."}, {"id": "101", "ano": "2013", "numero": "18", "tipo__sigla": "PLO-E", "tipo__descricao": "Projeto de Lei Ordin\u00e1ria - Executivo", "autoria": "Jos\u00e9 Gomes", "texto_original": "http://sapl.cariridotocantins.to.leg.br/media/./sapl/public/materialegislativa/2013/101/101_texto_integral.pdf", "ementa": "DISP\u00d5E SOBRE O CONSELHO MUNICIPAL DE POLITICAS SOBRE DROGAS - COMAD E D\u00c1 OUTRAS PROVID\u00caNCIAS."}, {"id": "102", "ano": "2013", "numero": "19", "tipo__sigla": "PLO-E", "tipo__descricao": "Projeto de Lei Ordin\u00e1ria - Executivo", "autoria": "Jos\u00e9 Gomes", "texto_original": "http://sapl.cariridotocantins.to.leg.br/media/./sapl/public/materialegislativa/2013/102/102_texto_integral.pdf", "ementa": "AUTORIZA A AQUISI\u00c7\u00c3O DE IM\u00d3VEL QUE ESPECIFICA E D\u00c1 OUTRAS PROVID\u00caNCIAS."}, {"id": "1", "ano": "2013", "numero": "1", "tipo__sigla": "REQ", "tipo__descricao": "Requerimento", "autoria": "VER. REGINALDO (PIAU)", "texto_original": "http://sapl.cariridotocantins.to.leg.br/media/./sapl/public/materialegislativa/2013/1/1_texto_integral.pdf", "ementa": "REQUER AO DEPUTADO TOINHO ANDRADE EMENDA PARLAMENTAR PARA CONSTRU\u00c7\u00c3O DE CASA DE APOIO AO IDOSO."}, {"id": "51", "ano": "2013", "numero": "2", "tipo__sigla": "REQ", "tipo__descricao": "Requerimento", "autoria": "Ver. Arivan, VER. ALEM\u00c3O, VER. EPIT\u00c1CIO", "texto_original": "http://sapl.cariridotocantins.to.leg.br/media/./sapl/public/materialegislativa/2013/51/51_texto_integral.pdf", "ementa": "REQUER C\u00d3PIA DA RELA\u00c7\u00c3O DOS SERVIDORES QUE INTEGRAM O QUADRO GERAL DE FUNCION\u00c1RIOS DESSA PREFEITURA MUNICIPAL COM SUAS RESPECTIVAS REMUNERA\u00c7\u00d5ES."}, {"id": "52", "ano": "2013", "numero": "3", "tipo__sigla": "REQ", "tipo__descricao": "Requerimento", "autoria": "Ver. Arivan, VER. ALEM\u00c3O, VER. EPIT\u00c1CIO", "texto_original": "http://sapl.cariridotocantins.to.leg.br/media/./sapl/public/materialegislativa/2013/52/52_texto_integral.pdf", "ementa": "REQUER C\u00d3PIA DO CONTRATO E DA LICITA\u00c7\u00c3O DAS OBRAS, C\u00d3PIA DA CARTA CONVITE COM NOMES E OR\u00c7AMENTO DAS EMPRESAS CONCORRENTES E C\u00d3PIA DAS ATAS DA ABERTURA E ENVELOPES CONTENDO AS LICITA\u00c7\u00d5ES DAS EMPRESAS QUE CONCORRERAM PARA A COMPRA DA MERENDA ESCOLAR."}, {"id": "54", "ano": "2013", "numero": "4", "tipo__sigla": "REQ", "tipo__descricao": "Requerimento", "autoria": "Ver. Ivonete", "texto_original": "http://sapl.cariridotocantins.to.leg.br/media/./sapl/public/materialegislativa/2013/54/54_texto_integral.pdf", "ementa": "REQUER AO EXM.\u00ba PREFEITO MUNICIPAL PROVID\u00caNCIAS NO SENTIDO DE DOAR UM TERRENO PARA INSTALA\u00c7\u00c3O DE UMA EMPRESA."}]}