{"headers": {"id": "ID", "ano": "Ano", "numero": "N\u00famero", "tipo__sigla": "Tipo de Mat\u00e9ria Legislativa/Sigla", "tipo__descricao": "Tipo de Mat\u00e9ria Legislativa/Descri\u00e7\u00e3o", "autoria": "Autorias", "texto_original": "Texto Original", "ementa": "Ementa"}, "results": [{"id": "67", "ano": "2015", "numero": "1", "tipo__sigla": "IND", "tipo__descricao": "Indica\u00e7\u00e3o", "autoria": "Professor Ederson", "texto_original": "http://sapl.cariridotocantins.to.leg.br/media/./sapl/public/materialegislativa/2015/67/67_texto_integral.pdf", "ementa": "INDICA PROVID\u00caNCIAS AO PREFEITO MUNICIPAL NO SENTIDO DE BUSCAR JUNTO AO MINIST\u00c9RIO DAS COMUNICA\u00c7\u00d5ES A IMPLANTA\u00c7\u00c3O DE UMA R\u00c1DIO COMUNIT\u00c1RIA."}, {"id": "68", "ano": "2015", "numero": "2", "tipo__sigla": "IND", "tipo__descricao": "Indica\u00e7\u00e3o", "autoria": "Ver. Crist\u00f3v\u00e3o", "texto_original": "http://sapl.cariridotocantins.to.leg.br/media/./sapl/public/materialegislativa/2015/68/68_texto_integral.pdf", "ementa": "INDICA PROVID\u00caNCIAS AO PREFEITO MUNICIPAL NO SENTIDO DE ADQUIRIR CORTINAS PARA AS JANELAS DA ESCOLA MUNICIPAL DIVINA RIBEIRO BORGES EM CARIRI DO TOCANTINS."}, {"id": "69", "ano": "2015", "numero": "3", "tipo__sigla": "IND", "tipo__descricao": "Indica\u00e7\u00e3o", "autoria": "Professor Ederson", "texto_original": "http://sapl.cariridotocantins.to.leg.br/media/./sapl/public/materialegislativa/2015/69/69_texto_integral.pdf", "ementa": "INDICA PROVID\u00caNCIAS AO PREFEITO MUNICIPAL NO SENTIDO DE IMPLANTAR O CENTRO CULTURAL DE CARIRI DO TOCANTINS."}, {"id": "71", "ano": "2015", "numero": "4", "tipo__sigla": "IND", "tipo__descricao": "Indica\u00e7\u00e3o", "autoria": "VER. REGINALDO (PIAU)", "texto_original": "http://sapl.cariridotocantins.to.leg.br/media/./sapl/public/materialegislativa/2015/71/71_texto_integral.pdf", "ementa": "INDICA AO EXM.\u00ba  SR. PREFEITO MUNICIPAL PROVID\u00caNCIAS NO SENTIDO DE CONSTRUIR UMA CASA DE ACOLHIMENTO AS CRIAN\u00c7AS E ADOLESCENTES DE CARIRI DO TOCANTINS."}, {"id": "70", "ano": "2015", "numero": "5", "tipo__sigla": "IND", "tipo__descricao": "Indica\u00e7\u00e3o", "autoria": "Professor Ederson", "texto_original": "http://sapl.cariridotocantins.to.leg.br/media/./sapl/public/materialegislativa/2015/70/70_texto_integral.pdf", "ementa": "INDICA O EXM\u00ba SR PREFEITO MUNICIPAL PROVID\u00caNCIAS EQUIPARAR OS SAL\u00c1RIOS DOS PROFESSORES CONTRATADOS AOS EFETIVOS DA REDE MUNICIPAL. "}, {"id": "72", "ano": "2015", "numero": "6", "tipo__sigla": "IND", "tipo__descricao": "Indica\u00e7\u00e3o", "autoria": "VER. REGINALDO (PIAU)", "texto_original": "http://sapl.cariridotocantins.to.leg.br/media/./sapl/public/materialegislativa/2015/72/72_texto_integral.pdf", "ementa": "INDICA AO EXM\u00ba. SR PREFEITO MUNICIPAL A DOA\u00c7\u00c3O DE UMA \u00c1REA DE TERRA DESTINADA AO SINTRA POSTOS(SINDICATOS DOS TRABALHADORES EM POSTOS DE REVENDA DE COMBUST\u00cdVEL NO ESTADO DO TOCANTINS)PARA CONSTRU\u00c7\u00c3O DE UM CLUBE RECREATIVO PARA OS FRENTISTAS DO MUNIC\u00cdPIO DE CARIRI DO TOCANTINS -TO."}, {"id": "73", "ano": "2015", "numero": "7", "tipo__sigla": "IND", "tipo__descricao": "Indica\u00e7\u00e3o", "autoria": "VER. ALEM\u00c3O", "texto_original": "http://sapl.cariridotocantins.to.leg.br/media/./sapl/public/materialegislativa/2015/73/73_texto_integral.pdf", "ementa": "INDICA AO EXM.\u00ba SR. PREFEITO MUNICIPAL PROVID\u00caNCIAS PARA EXECU\u00c7\u00c3O DA OPERA\u00c7\u00c3O TAPA-BURACOS OU RECAPEAMENTO ASF\u00c1LTICO DA AVENIDA FEDERAL DE CARIRI DO TOCANTINS -TO. "}, {"id": "74", "ano": "2015", "numero": "8", "tipo__sigla": "IND", "tipo__descricao": "Indica\u00e7\u00e3o", "autoria": "VER. EPIT\u00c1CIO", "texto_original": "http://sapl.cariridotocantins.to.leg.br/media/./sapl/public/materialegislativa/2015/74/74_texto_integral.pdf", "ementa": "INDICA AO EXM.\u00ba SR PREFEITO MUNICIPAL PROVID\u00caNCIAS PARA CONSTRU\u00c7\u00c3O E REFORMA DE GUIA (MEIOS-FIOS) E CAL\u00c7ADAS DAS VIAS P\u00daBLICAS DE CARIRI DO TOCANTINS-TO."}, {"id": "75", "ano": "2015", "numero": "9", "tipo__sigla": "IND", "tipo__descricao": "Indica\u00e7\u00e3o", "autoria": "VER. REGINALDO (PIAU)", "texto_original": "http://sapl.cariridotocantins.to.leg.br/media/./sapl/public/materialegislativa/2015/75/75_texto_integral.pdf", "ementa": "INDICA AO EXM.\u00ba SR. PREFEITO MUNICIPAL PROVID\u00caNCIAS PARA ALTERA\u00c7\u00c3O DO ARTIGO 34 DA LEI 152/01, DE 27 DE ABRIL DE 2001 DE CARIRI DO TOCANTINS-TO."}, {"id": "77", "ano": "2015", "numero": "10", "tipo__sigla": "IND", "tipo__descricao": "Indica\u00e7\u00e3o", "autoria": "Ver. Ivonete", "texto_original": "http://sapl.cariridotocantins.to.leg.br/media/./sapl/public/materialegislativa/2015/77/77_texto_integral.pdf", "ementa": "INDICA AO EXM.\u00ba SR PREFEITO MUNICIPAL PROVID\u00caNCIAS PARA CONSTRU\u00c7\u00c3O DE UMA LOMBADA (QUEBRA MOLA) E SINALIZA\u00c7\u00c3O NA AVENIDA BERNARDO SAY\u00c3O CENTRO DE CARIRI DO TOCANTINS -TO. "}, {"id": "78", "ano": "2015", "numero": "11", "tipo__sigla": "IND", "tipo__descricao": "Indica\u00e7\u00e3o", "autoria": "Professor Ederson", "texto_original": "http://sapl.cariridotocantins.to.leg.br/media/./sapl/public/materialegislativa/2015/78/78_texto_integral.pdf", "ementa": "INDICA O EXM.\u00ba SR\u00ba. PREFEITO MUNICIPAL PROVID\u00caNCIAS NO SENTIDO DE GARANTIR TRANSPORTE ESCOLAR AOS UNIVERSIT\u00c1RIOS DO TURNO MATUTINO."}, {"id": "79", "ano": "2015", "numero": "12", "tipo__sigla": "IND", "tipo__descricao": "Indica\u00e7\u00e3o", "autoria": "Professor Ederson", "texto_original": "http://sapl.cariridotocantins.to.leg.br/media/./sapl/public/materialegislativa/2015/79/79_texto_integral.pdf", "ementa": "INDICA O EXM\u00b0. SR\u00b0. PREFEITO MUNICIPAL PROVID\u00caNCIAS NO SENTIDO DE CONTRATAR NUTRICIONISTA PARA ATUAR NA REDE MUNICIPAL DE ENSINO."}, {"id": "80", "ano": "2015", "numero": "13", "tipo__sigla": "IND", "tipo__descricao": "Indica\u00e7\u00e3o", "autoria": "Professor Ederson", "texto_original": "http://sapl.cariridotocantins.to.leg.br/media/./sapl/public/materialegislativa/2015/80/80_texto_integral.pdf", "ementa": "INDICA O EXM.\u00b0 SR\u00b0.PREFEITO MUNICIPAL PROVID\u00caNCIAS NO SENTIDO DE DOAR/CEDER 01 VEICULO PARA A ASSOCIA\u00c7\u00c3O ASSENTAMENTO P.A. COIMBRA. "}, {"id": "81", "ano": "2015", "numero": "14", "tipo__sigla": "IND", "tipo__descricao": "Indica\u00e7\u00e3o", "autoria": "Ver. Gero Laimer", "texto_original": "http://sapl.cariridotocantins.to.leg.br/media/./sapl/public/materialegislativa/2015/81/81_texto_integral.pdf", "ementa": "INDICA O EXM.\u00b0 SR\u00b0.PREFEITO MUNICIPAL PROVID\u00caNCIAS PARA RECONSTRU\u00c7\u00c3O DA GUIA (MEIO FIO) NA AVENIDA FEDERAL ENTRE AS RUAS EVANGELISTA PEREIRA DOS SANTOS E MARIA FERNANDES PINTO EM CARIRI DO TOCANTINS - TO. "}, {"id": "82", "ano": "2015", "numero": "15", "tipo__sigla": "IND", "tipo__descricao": "Indica\u00e7\u00e3o", "autoria": "Professor Ederson", "texto_original": "http://sapl.cariridotocantins.to.leg.br/media/./sapl/public/materialegislativa/2015/82/82_texto_integral.pdf", "ementa": "INDICA AO EXM.\u00ba SR\u00ba.PREFEITO MUNICIPAL PROVID\u00caNCIAS NO SENTIDO DE CONTRATAR PSIC\u00d3LOGO PARA ATUAR NA REDE MUNICIPAL DE ENSINO."}, {"id": "83", "ano": "2015", "numero": "16", "tipo__sigla": "IND", "tipo__descricao": "Indica\u00e7\u00e3o", "autoria": "Professor Ederson", "texto_original": "http://sapl.cariridotocantins.to.leg.br/media/./sapl/public/materialegislativa/2015/83/83_texto_integral.pdf", "ementa": "INDICA AO EXM.\u00ba SR\u00ba. PREFEITO MUNICIPAL PROVID\u00caNCIAS NO SENTIDO DE REGULAMENTAR A UTILIZA\u00c7\u00c3O DO BALNE\u00c1RIO MUNICIPAL DE CARIRI DO TOCANTINS -TO. "}, {"id": "84", "ano": "2015", "numero": "17", "tipo__sigla": "IND", "tipo__descricao": "Indica\u00e7\u00e3o", "autoria": "Professor Ederson", "texto_original": "http://sapl.cariridotocantins.to.leg.br/media/./sapl/public/materialegislativa/2015/84/84_texto_integral.pdf", "ementa": "INDICA AO EXM.\u00ba SR\u00ba. PREFEITO MUNICIPAL PROVID\u00caNCIAS NO SENTIDO DE CRIAR A LEI DO PLANO DE CARREIRA, SAL\u00c1RIOS E SUBS\u00cdDIOS DOS SERVIDORES DA SA\u00daDE DO MUNIC\u00cdPIO DE CARIRI DO TOCANTINS -TO E PLANO DE CARREIRA, SAL\u00c1RIOS E SUBS\u00cdDIOS DOS SERVIDORES DO ADMINISTRATIVO DE CARIRI DO TOCANTINS -TO. "}, {"id": "89", "ano": "2015", "numero": "18", "tipo__sigla": "IND", "tipo__descricao": "Indica\u00e7\u00e3o", "autoria": "VER. ALEM\u00c3O", "texto_original": "http://sapl.cariridotocantins.to.leg.br/media/./sapl/public/materialegislativa/2015/89/89_texto_integral.pdf", "ementa": "INDICA AO EXM\u00b0.SR.PREFEITO MUNICIPAL PROVID\u00caNCIAS NO SENTIDO DE INSTALA\u00c7\u00c3O DE DOIS NOVOS BEBEDOURO NO P\u00c1TIO DA ESCOLA MUNICIPAL DIVINA RIBEIRO BORGES."}, {"id": "111", "ano": "2015", "numero": "59", "tipo__sigla": "PLC-E", "tipo__descricao": "Projeto de Lei Complementar - Executivo", "autoria": "Jos\u00e9 Gomes", "texto_original": "http://sapl.cariridotocantins.to.leg.br/media/./sapl/public/materialegislativa/2015/111/111_texto_integral.pdf", "ementa": "REVOGA A LEI N\u00ba.392/2014, DE JUNHO DE 2014 E D\u00c1 OUTRAS PROVID\u00caNCIAS."}, {"id": "112", "ano": "2015", "numero": "60", "tipo__sigla": "PLC-E", "tipo__descricao": "Projeto de Lei Complementar - Executivo", "autoria": "Jos\u00e9 Gomes", "texto_original": "http://sapl.cariridotocantins.to.leg.br/media/./sapl/public/materialegislativa/2015/112/112_texto_integral.pdf", "ementa": "INCORPORA AO PER\u00cdMETRO URBANO DA CIDADE DE CARIRI DO TOCANTINS -TO A \u00c1REA DE TERRAS DO IM\u00d3VEL QUE ESPECIFICA E D\u00c1 OUTRAS PROVID\u00caNCIAS.  "}, {"id": "113", "ano": "2015", "numero": "61", "tipo__sigla": "PLC-E", "tipo__descricao": "Projeto de Lei Complementar - Executivo", "autoria": "Jos\u00e9 Gomes", "texto_original": "http://sapl.cariridotocantins.to.leg.br/media/./sapl/public/materialegislativa/2015/113/113_texto_integral.pdf", "ementa": "INCORPORA AO PER\u00cdMETRO URBANO DA CIDADE CARIRI DO TOCANTINS -TO A \u00c1RIA DE TERRAS DO IM\u00d3VEL QUE ESPECIFICA E DA OUTRAS PROVID\u00caNCIAS. "}, {"id": "114", "ano": "2015", "numero": "62", "tipo__sigla": "PLC-E", "tipo__descricao": "Projeto de Lei Complementar - Executivo", "autoria": "Jos\u00e9 Gomes", "texto_original": "http://sapl.cariridotocantins.to.leg.br/media/./sapl/public/materialegislativa/2015/114/114_texto_integral.pdf", "ementa": "DECLARA UTILIDADE P\u00daBLICA A ASSOCIA\u00c7\u00c3O DOS PEQUENOS PRODUTORES RURAIS DO ASSENTAMENTO PA COIMBRA -ASPA-COIMBRA E D\u00c1 OUTRAS PROVID\u00caNCIAS."}, {"id": "115", "ano": "2015", "numero": "63", "tipo__sigla": "PLC-E", "tipo__descricao": "Projeto de Lei Complementar - Executivo", "autoria": "Jos\u00e9 Gomes", "texto_original": "http://sapl.cariridotocantins.to.leg.br/media/./sapl/public/materialegislativa/2015/115/115_texto_integral.pdf", "ementa": "\"DISP\u00d5E SOBRE AS DIRETRIZES GERAIS PARA A ELABORA\u00c7\u00c3O DA LEI OR\u00c7AMENT\u00c1RIA DE 2016(ANO REFERENCIA DE 2015)E D\u00c1 OUTRAS PROVID\u00caNCIAS.\""}, {"id": "116", "ano": "2015", "numero": "64", "tipo__sigla": "PLC-E", "tipo__descricao": "Projeto de Lei Complementar - Executivo", "autoria": "Jos\u00e9 Gomes", "texto_original": "http://sapl.cariridotocantins.to.leg.br/media/./sapl/public/materialegislativa/2015/116/116_texto_integral.pdf", "ementa": "CRIA O MATA DOURA MUNICIPAL DE CARIRI DO TOCANTINS E D\u00c1 OUTRAS PROVID\u00caNCIAS."}, {"id": "117", "ano": "2015", "numero": "65", "tipo__sigla": "PLC-E", "tipo__descricao": "Projeto de Lei Complementar - Executivo", "autoria": "Jos\u00e9 Gomes", "texto_original": "http://sapl.cariridotocantins.to.leg.br/media/./sapl/public/materialegislativa/2015/117/117_texto_integral.pdf", "ementa": "DESAFETA,INCORPORA AOS BENS DOMINICAIS E AUTORIZA O PODER EXECUTIVO MUNICIPAL A DOAR COM ENCARGOS A \u00c1REA DE TERRAS QUE MENCIONA DE DOM\u00cdNIO DO MUNIC\u00cdPIO \u00c0 EMPRESA E D\u00c1 OUTRAS PROVID\u00caNCIAS. "}, {"id": "110", "ano": "2015", "numero": "52", "tipo__sigla": "PLO-E", "tipo__descricao": "Projeto de Lei Ordin\u00e1ria - Executivo", "autoria": "Jos\u00e9 Gomes", "texto_original": "http://sapl.cariridotocantins.to.leg.br/media/./sapl/public/materialegislativa/2015/110/110_texto_integral.pdf", "ementa": "DISP\u00d5E SOBRE ALTERA\u00c7\u00c3O NA LEI N\u00ba 014/1993, DE 16 DE AGOSTO DE 1993 E D\u00c1 OUTRAS PROVID\u00caNCIAS."}, {"id": "97", "ano": "2015", "numero": "1", "tipo__sigla": "PLO-L", "tipo__descricao": "Projeto de Lei Ordin\u00e1ria - Legislativo", "autoria": "VER. REGINALDO (PIAU), Professor Ederson, Ver. Crist\u00f3v\u00e3o, Ver. Gero Laimer, VER. PAULINHO", "texto_original": "http://sapl.cariridotocantins.to.leg.br/media/./sapl/public/materialegislativa/2015/97/97_texto_integral.pdf", "ementa": "DISP\u00d5E SOBRE A ALTERA\u00c7\u00c3O DA LEI N\u00ba 365/2013, DE 13 MAIO DE 2013 E D\u00c1 OUTRAS PROVID\u00caNCIAS."}, {"id": "98", "ano": "2015", "numero": "2", "tipo__sigla": "PLO-L", "tipo__descricao": "Projeto de Lei Ordin\u00e1ria - Legislativo", "autoria": "Professor Ederson", "texto_original": "http://sapl.cariridotocantins.to.leg.br/media/./sapl/public/materialegislativa/2015/98/98_texto_integral.pdf", "ementa": "DISP\u00d5E SOBRE A DECLARA\u00c7\u00c3O DE UTILIDADE P\u00daBLICA DA ASSOCIA\u00c7\u00c3O DA JUVENTUDE DE CARIRI DO TOCANTINS - AJUC."}, {"id": "95", "ano": "2015", "numero": "1", "tipo__sigla": "PRE", "tipo__descricao": "Projeto de Resolu\u00e7\u00e3o", "autoria": "Professor Ederson, VER. ALEM\u00c3O, Ver. Arivan, Ver. Crist\u00f3v\u00e3o, VER. EPIT\u00c1CIO, Ver. Gero Laimer, Ver. Ivonete, VER. PAULINHO, VER. REGINALDO (PIAU)", "texto_original": "http://sapl.cariridotocantins.to.leg.br/media/./sapl/public/materialegislativa/2015/95/95_texto_integral.pdf", "ementa": "DISP\u00d5E SOBRE AUTORIZA\u00c7\u00c3O LEGISLATIVO PARA ALIENAR, DESCARTAR E DAR BAIXA PATRIMONIAL E CONT\u00c1BIL DE BENS PATRIMONIAIS M\u00d3VEIS INTEGRADOS AO PATRIM\u00d4NIO DA C\u00c2MARA MUNICIPAL CARIRI DO TOCANTINS, DANDO OUTRAS PROVID\u00caNCIAS. "}, {"id": "96", "ano": "2015", "numero": "2", "tipo__sigla": "PRE", "tipo__descricao": "Projeto de Resolu\u00e7\u00e3o", "autoria": "VER. REGINALDO (PIAU), Professor Ederson, VER. ALEM\u00c3O, Ver. Arivan, Ver. Crist\u00f3v\u00e3o, VER. EPIT\u00c1CIO, Ver. Gero Laimer, Ver. Ivonete, VER. PAULINHO", "texto_original": "http://sapl.cariridotocantins.to.leg.br/media/./sapl/public/materialegislativa/2015/96/96_texto_integral.pdf", "ementa": "DISP\u00d5E SOBRE A FILIA\u00c7\u00c3O DA C\u00c2MARA MUNICIPAL DE CARIRI DO TOCANTINS, \u00c1 UNI\u00c3O DOS VEREADORES DO ESTADO DO TOCANTINS - UVET."}, {"id": "76", "ano": "2015", "numero": "1", "tipo__sigla": "REQ", "tipo__descricao": "Requerimento", "autoria": "Professor Ederson, Ver. Crist\u00f3v\u00e3o, Ver. Gero Laimer, VER. PAULINHO, VER. REGINALDO (PIAU)", "texto_original": "http://sapl.cariridotocantins.to.leg.br/media/./sapl/public/materialegislativa/2015/76/76_texto_integral.pdf", "ementa": "REQUER AO SENHOR SECRET\u00c1RIO DE ADMINISTRA\u00c7\u00c3O, FINAN\u00c7AS E PLANEJAMENTO E AO PREFEITO MUNICIPAL DE CARIRI DO TOCANTINS, O ENVIO DE C\u00d3PIA DOS BALANCETES DA PREFEITURA E FUNDOS MUNICIPAIS DO MESES DE JANEIRO A MAR\u00c7O DE 2015. "}, {"id": "85", "ano": "2015", "numero": "2", "tipo__sigla": "REQ", "tipo__descricao": "Requerimento", "autoria": "Ver. Ivonete", "texto_original": "http://sapl.cariridotocantins.to.leg.br/media/./sapl/public/materialegislativa/2015/85/85_texto_integral.pdf", "ementa": "REQUER A LIBERA\u00c7\u00c3O DE RECURSOS FINANCEIROS PARA A REFORMA DO GRAMADO DO EST\u00c1DIO MUNICIPAL DE CARIRI DO TOCANTINS. "}, {"id": "86", "ano": "2015", "numero": "3", "tipo__sigla": "REQ", "tipo__descricao": "Requerimento", "autoria": "Ver. Arivan, Professor Ederson, VER. ALEM\u00c3O, Ver. Crist\u00f3v\u00e3o, VER. EPIT\u00c1CIO, Ver. Gero Laimer, Ver. Ivonete, VER. PAULINHO, VER. REGINALDO (PIAU)", "texto_original": "http://sapl.cariridotocantins.to.leg.br/media/./sapl/public/materialegislativa/2015/86/86_texto_integral.pdf", "ementa": "REQUER A REFORMA OU TROCA DA CAIXA D&#180;\u00c1GUA QUE ABASTECE O MUNIC\u00cdPIO DE CARIRI DO TOCANTINS."}, {"id": "87", "ano": "2015", "numero": "4", "tipo__sigla": "REQ", "tipo__descricao": "Requerimento", "autoria": "VER. EPIT\u00c1CIO", "texto_original": "http://sapl.cariridotocantins.to.leg.br/media/./sapl/public/materialegislativa/2015/87/87_texto_integral.pdf", "ementa": "INDICA AO EXM\u00b0 SR. PREFEITO MUNICIPAL DE CARIRI DO TOCANTINS SOLICITANDO A RELA\u00c7\u00c3O COM O NOME DE TODOS OS FUNCION\u00c1RIOS P\u00daBLICOS DO MUNIC\u00cdPIO E SEUS DEVIDOS SAL\u00c1RIOS. "}]}