{"headers": {"id": "ID", "ano": "Ano", "numero": "N\u00famero", "tipo__sigla": "Tipo de Mat\u00e9ria Legislativa/Sigla", "tipo__descricao": "Tipo de Mat\u00e9ria Legislativa/Descri\u00e7\u00e3o", "autoria": "Autorias", "texto_original": "Texto Original", "ementa": "Ementa"}, "results": [{"id": "90", "ano": "2016", "numero": "1", "tipo__sigla": "IND", "tipo__descricao": "Indica\u00e7\u00e3o", "autoria": "Professor Ederson", "texto_original": "http://sapl.cariridotocantins.to.leg.br/media/./sapl/public/materialegislativa/2016/90/90_texto_integral.pdf", "ementa": "INDICA AO EXM\u00b0 SR. PREFEITO MUNICIPAL PROVID\u00caNCIAS NO SENTIDO DE ADQUIRIR UM VEICULO COM MOTORISTA PARA ATUAR NA SEDE DA SECRETARIA MUNICIPAL DE EDUCA\u00c7\u00c3O."}, {"id": "103", "ano": "2016", "numero": "2", "tipo__sigla": "IND", "tipo__descricao": "Indica\u00e7\u00e3o", "autoria": "Professor Ederson", "texto_original": "http://sapl.cariridotocantins.to.leg.br/media/./sapl/public/materialegislativa/2016/103/103_texto_integral.pdf", "ementa": "INDICA AO EXM.\u00b0 SR\u00b0.PREFEITO MUNICIPAL PROVID\u00caNCIAS NO SENTIDO FAZER CAL\u00c7ADA NO P\u00c1TIO DA ESCOLA MUNICIPAL DIVINA RIBEIRO BORGES. "}, {"id": "104", "ano": "2016", "numero": "3", "tipo__sigla": "IND", "tipo__descricao": "Indica\u00e7\u00e3o", "autoria": "Professor Ederson", "texto_original": "http://sapl.cariridotocantins.to.leg.br/media/./sapl/public/materialegislativa/2016/104/104_texto_integral.pdf", "ementa": "INDICA AO EXM.\u00b0 SR\u00b0. PREFEITO MUNICIPAL PROVID\u00caNCIAS NO SENTIDO DE IMPLANTAR  A EQUIPE DE SA\u00daDE DO TRABALHADOR."}, {"id": "105", "ano": "2016", "numero": "4", "tipo__sigla": "IND", "tipo__descricao": "Indica\u00e7\u00e3o", "autoria": "Professor Ederson", "texto_original": "http://sapl.cariridotocantins.to.leg.br/media/./sapl/public/materialegislativa/2016/105/105_texto_integral.pdf", "ementa": "INDICA AO EXM.\u00b0 SR\u00b0. PREFEITO MUNICIPAL PROVID\u00caNCIAS NO SENTIDO DE REALIZAR OPERA\u00c7\u00c3O TAPA - BURACOS NA AVENIDA FEDERAL."}, {"id": "107", "ano": "2016", "numero": "5", "tipo__sigla": "IND", "tipo__descricao": "Indica\u00e7\u00e3o", "autoria": "Professor Ederson", "texto_original": "http://sapl.cariridotocantins.to.leg.br/media/./sapl/public/materialegislativa/2016/107/107_texto_integral.pdf", "ementa": "INDICA O EXM.\u00b0 SR\u00b0. PREFEITO MUNICIPAL DE PROVID\u00caNCIA NO SENTIDO DE IMPLANTAR A GUARDA MUNICIPAL DE CARIRI DO TOCANTINS-TO."}, {"id": "108", "ano": "2016", "numero": "1", "tipo__sigla": "PDL", "tipo__descricao": "Projeto de Decreto Legislativo", "autoria": "Professor Ederson", "texto_original": "http://sapl.cariridotocantins.to.leg.br/media/./sapl/public/materialegislativa/2016/108/108_texto_integral.pdf", "ementa": "CONCEDE O T\u00cdTULO DE CIDAD\u00c3 CARIRIENSE A SRA. MARIA AUXILIADORA DA PAIX\u00c3O AIRES."}, {"id": "109", "ano": "2016", "numero": "2", "tipo__sigla": "PDL", "tipo__descricao": "Projeto de Decreto Legislativo", "autoria": "VER. REGINALDO (PIAU)", "texto_original": "http://sapl.cariridotocantins.to.leg.br/media/./sapl/public/materialegislativa/2016/109/109_texto_integral.pdf", "ementa": "CONCEDE O T\u00cdTULO DE CIDAD\u00c3O CARIRIENSE AO SR. JANU\u00c1RIO MARQUES BORGES."}, {"id": "88", "ano": "2016", "numero": "1", "tipo__sigla": "REQ", "tipo__descricao": "Requerimento", "autoria": "Ver. Arivan, Professor Ederson, VER. ALEM\u00c3O, Ver. Crist\u00f3v\u00e3o, VER. EPIT\u00c1CIO, Ver. Gero Laimer, Ver. Ivonete, VER. PAULINHO, VER. REGINALDO (PIAU)", "texto_original": "http://sapl.cariridotocantins.to.leg.br/media/./sapl/public/materialegislativa/2016/88/88_texto_integral.pdf", "ementa": "REQUER AO DEPUTADO ESTADUAL RICARDO AIRES GEST\u00c3O JUNTO A SECRETARIA ESTADUAL DE SEGURAN\u00c7A P\u00daBLICA, PARA A RESOLU\u00c7\u00c3O DE FALTA DE POLICIAMENTO NO MUNIC\u00cdPIO DE CARIRI DO TOCANTINS. "}, {"id": "106", "ano": "2016", "numero": "2", "tipo__sigla": "REQ", "tipo__descricao": "Requerimento", "autoria": "Professor Ederson", "texto_original": "http://sapl.cariridotocantins.to.leg.br/media/./sapl/public/materialegislativa/2016/106/106_texto_integral.pdf", "ementa": "REQUER O EXM.\u00b0 SR\u00b0. PRESIDENTE DA C\u00c2MARA PROVID\u00caNCIAS NO SENTIDO DE REALIZAR AUDI\u00caNCIA P\u00daBLICA PARA DISCUTIR SOBRE A TEM\u00c1TICA F\u00c9 E POLITICA."}]}