{"headers": {"id": "ID", "ano": "Ano", "numero": "N\u00famero", "tipo__sigla": "Tipo de Mat\u00e9ria Legislativa/Sigla", "tipo__descricao": "Tipo de Mat\u00e9ria Legislativa/Descri\u00e7\u00e3o", "autoria": "Autorias", "texto_original": "Texto Original", "ementa": "Ementa"}, "results": [{"id": "118", "ano": "2017", "numero": "1", "tipo__sigla": "IND", "tipo__descricao": "Indica\u00e7\u00e3o", "autoria": "Ver. Gero Laimer", "texto_original": "http://sapl.cariridotocantins.to.leg.br/media/./sapl/public/materialegislativa/2017/118/118_texto_integral.pdf", "ementa": "INDICA AO PREFEITO A REALIZA\u00c7\u00c3O DE OPERA\u00c7\u00c3O TAPA BURACOS E RECAPEAMENTOS DAS VIAS P\u00daBLICAS MUNICIPAIS DE CARIRI DO TOCANTINS."}, {"id": "119", "ano": "2017", "numero": "2", "tipo__sigla": "IND", "tipo__descricao": "Indica\u00e7\u00e3o", "autoria": "Ver. Gero Laimer", "texto_original": "http://sapl.cariridotocantins.to.leg.br/media/./sapl/public/materialegislativa/2017/119/119_texto_integral.pdf", "ementa": "INDICA AO PREFEITO A RELA\u00c7\u00c3O DE TODOS OS SERVIDORES, FUNCION\u00c1RIOS P\u00daBLICOS QUE CONSTA NA FOLHA DE PAGAMENTO DO M\u00caS DE JANEIRO DA PREFEITURA MUNICIPAL, DO FUNDO MUNICIPAL DE SA\u00daDE, ASSIST\u00caNCIA SOCIAL E DE EDUCA\u00c7\u00c3O, COM OS DEVIDOS CARGOS E SAL\u00c1RIOS."}, {"id": "120", "ano": "2017", "numero": "3", "tipo__sigla": "IND", "tipo__descricao": "Indica\u00e7\u00e3o", "autoria": "Ver. Ivonete", "texto_original": "http://sapl.cariridotocantins.to.leg.br/media/./sapl/public/materialegislativa/2017/120/120_texto_integral.pdf", "ementa": "INDICA AO PREFEITO A REALIZA\u00c7\u00c3O DA SINALIZA\u00c7\u00c3O VERTICAL E HORIZONTAL DAS VIAS P\u00daBLICAS MUNICIPAIS DE CARIRI DO TOCANTINS-TO."}, {"id": "121", "ano": "2017", "numero": "4", "tipo__sigla": "IND", "tipo__descricao": "Indica\u00e7\u00e3o", "autoria": "Ver. Ivonete", "texto_original": "http://sapl.cariridotocantins.to.leg.br/media/./sapl/public/materialegislativa/2017/121/121_texto_integral.pdf", "ementa": "INDICA AO EXM\u00ba. SR. PREFEITO MUNICIPAL PROVID\u00caNCIAS NO SENTIDO DE CONSTRUIR UMA CAPELA F\u00daNEBRE NO MUNIC\u00cdPIO DE CARIRI DO TOCANTINS."}, {"id": "122", "ano": "2017", "numero": "5", "tipo__sigla": "IND", "tipo__descricao": "Indica\u00e7\u00e3o", "autoria": "Professor Ederson", "texto_original": "http://sapl.cariridotocantins.to.leg.br/media/./sapl/public/materialegislativa/2017/122/122_texto_integral.pdf", "ementa": "INDICA AO EXM\u00ba. SR. PREFEITO MUNICIPAL PROVID\u00caNCIAS NO SENTIDO DE IMPLANTA\u00c7\u00c3O NO MUNIC\u00cdPIO UMA ESCOLINHA DE FUTSAL, VOLEIBOL, BASQUETE, DAN\u00c7A E DEMAIS ESPORTES POR MEIO DA SECRETARIA MUNICIPAL DE ESPORTE."}, {"id": "123", "ano": "2017", "numero": "6", "tipo__sigla": "IND", "tipo__descricao": "Indica\u00e7\u00e3o", "autoria": "Ver. Arivan", "texto_original": "http://sapl.cariridotocantins.to.leg.br/media/./sapl/public/materialegislativa/2017/123/123_texto_integral.pdf", "ementa": "INDICA AO PREFEITO A IMPLANTA\u00c7\u00c3O DE SISTEMA DE ENERGIA SOLAR NA ESCOLA MUNICIPAL DIVINA RIBEIRO BORGES."}, {"id": "124", "ano": "2017", "numero": "7", "tipo__sigla": "IND", "tipo__descricao": "Indica\u00e7\u00e3o", "autoria": "Ver. Galego da Patrola", "texto_original": "http://sapl.cariridotocantins.to.leg.br/media/./sapl/public/materialegislativa/2017/124/124_texto_integral.pdf", "ementa": "INDICA AO PREFEITO O ESTUDO SOBRE A POSSIBILIDADE DE REVERS\u00c3O AO PATRIM\u00d4NIO P\u00daBLICO DOS IM\u00d3VEIS DOADO A EMPRESA COSTEIRA TRANSPORTES E SERVI\u00c7OS LTDA."}, {"id": "130", "ano": "2017", "numero": "8", "tipo__sigla": "IND", "tipo__descricao": "Indica\u00e7\u00e3o", "autoria": "Professor Ederson", "texto_original": "http://sapl.cariridotocantins.to.leg.br/media/./sapl/public/materialegislativa/2017/130/130_texto_integral.pdf", "ementa": "INDICA AO EXM\u00ba SR. PREFEITO MUNICIPAL PROVID\u00caNCIAS NO SENTIDO DE CRIAR O PROJETO DE ASSIST\u00caNCIA FARMAC\u00caUTICA ESPECIALIZADA."}, {"id": "131", "ano": "2017", "numero": "9", "tipo__sigla": "IND", "tipo__descricao": "Indica\u00e7\u00e3o", "autoria": "Professor Ederson", "texto_original": "http://sapl.cariridotocantins.to.leg.br/media/./sapl/public/materialegislativa/2017/131/131_texto_integral.pdf", "ementa": "INDICA AO EXM\u00ba SR. PREFEITO MUNICIPAL PROVID\u00caNCIAS NO SENTIDO DE CRIAR A LEI DO PLANO DE CARREIRA, SAL\u00c1RIOS E SUBS\u00cdDIOS DOS SERVIDORES DA SA\u00daDE DO MUNIC\u00cdPIO DE CARIRI DO TOCANTINS E PLANO DE CARREIRA, SAL\u00c1RIOS E SUBS\u00cdDIOS DOS SERVIDORES DO ADMINISTRATIVO DE CARIRI DO TOCANTINS."}, {"id": "132", "ano": "2017", "numero": "10", "tipo__sigla": "IND", "tipo__descricao": "Indica\u00e7\u00e3o", "autoria": "Professor Ederson", "texto_original": "http://sapl.cariridotocantins.to.leg.br/media/./sapl/public/materialegislativa/2017/132/132_texto_integral.pdf", "ementa": "INDICA AO EXM\u00ba. SR. PREFEITO MUNICIPAL PROVID\u00caNCIAS NO SENTIDO DE REVISAR DA LEI DO MAGIST\u00c9RIO DE CARIRI DO TOCANTINS BEM COMO SUA INTEIRA IMPLANTA\u00c7\u00c3O."}, {"id": "133", "ano": "2017", "numero": "11", "tipo__sigla": "IND", "tipo__descricao": "Indica\u00e7\u00e3o", "autoria": "Professor Ederson", "texto_original": "http://sapl.cariridotocantins.to.leg.br/media/./sapl/public/materialegislativa/2017/133/133_texto_integral.pdf", "ementa": "INDICA AO EXM\u00ba. SR. PREFEITO MUNICIPAL PROVID\u00caNCIA NO SENTIDO DA IMPLANTA\u00c7\u00c3O DO CENTRO DE CULTURA DE CARIRI DO TOCANTINS- TO E/OU CASA DE CULTURA."}, {"id": "134", "ano": "2017", "numero": "12", "tipo__sigla": "IND", "tipo__descricao": "Indica\u00e7\u00e3o", "autoria": "Jos\u00e9 Ponciano", "texto_original": "http://sapl.cariridotocantins.to.leg.br/media/./sapl/public/materialegislativa/2017/134/134_texto_integral.pdf", "ementa": "INDICA AO EXM\u00ba SENHOR PREFEITO MUNICIPAL DE CARIRI DO TOCANTINS PROVID\u00caNCIAS NO SENTIDO DE VIABILIZA\u00c7\u00c3O DE VEICULO PARA TRANSPORTE DE PACIENTES DE HEMODIALISE."}, {"id": "138", "ano": "2017", "numero": "13", "tipo__sigla": "IND", "tipo__descricao": "Indica\u00e7\u00e3o", "autoria": "Professor Ederson", "texto_original": "http://sapl.cariridotocantins.to.leg.br/media/./sapl/public/materialegislativa/2017/138/138_texto_integral.pdf", "ementa": "INDICA A SRA. SECRET\u00c1RIA MUNICIPAL DE SA\u00daDE-MARLENE CIRQUEIRA QUEIROZ PROVID\u00caNCIAS NO SENTIDO DE CRIA\u00c7\u00c3O DE UM GRUPO DE HIDROGIN\u00c1STICA NAS PISCINAS DO BALNE\u00c1RIO MUNICIPAL."}, {"id": "139", "ano": "2017", "numero": "14", "tipo__sigla": "IND", "tipo__descricao": "Indica\u00e7\u00e3o", "autoria": "Professor Ederson", "texto_original": "http://sapl.cariridotocantins.to.leg.br/media/./sapl/public/materialegislativa/2017/139/139_texto_integral.pdf", "ementa": "INDICA AO EXM\u00ba SR. PREFEITO MUNICIPAL PROVID\u00caNCIAS NO SENTIDO DE REVER URGENTEMENTE A LEI PARA ALTERA\u00c7\u00d5ES DOS VALORES DAS DI\u00c1RIAS DOS SERVIDORES P\u00daBLICOS MUNICIPAIS."}, {"id": "140", "ano": "2017", "numero": "15", "tipo__sigla": "IND", "tipo__descricao": "Indica\u00e7\u00e3o", "autoria": "Professor Ederson", "texto_original": "http://sapl.cariridotocantins.to.leg.br/media/./sapl/public/materialegislativa/2017/140/140_texto_integral.pdf", "ementa": "INDICA O EXM\u00ba. SR. PREFEITO MUNICIPAL PROVID\u00caNCIAS NO SENTIDO DE CRIA\u00c7\u00c3O DE GRUPO DE HIDROGIN\u00c1STICA NAS PISCINAS DO BALNE\u00c1RIO MUNICIPAL."}, {"id": "135", "ano": "2017", "numero": "16", "tipo__sigla": "IND", "tipo__descricao": "Indica\u00e7\u00e3o", "autoria": "Ver. Gero Laimer", "texto_original": "http://sapl.cariridotocantins.to.leg.br/media/./sapl/public/materialegislativa/2017/135/135_texto_integral.pdf", "ementa": "INDICA O EXM.\u00ba SR\u00ba. PREFEITO MUNICIPAL PROVID\u00caNCIAS NO SENTIDO DE APOIO AO FUTSAL FEMININO DE CARIRI DO TOCANTINS."}, {"id": "136", "ano": "2017", "numero": "17", "tipo__sigla": "IND", "tipo__descricao": "Indica\u00e7\u00e3o", "autoria": "Jos\u00e9 Ponciano", "texto_original": "http://sapl.cariridotocantins.to.leg.br/media/./sapl/public/materialegislativa/2017/136/136_texto_integral.pdf", "ementa": "INDICA O EXM.\u00ba SR\u00ba. PREFEITO MUNICIPAL PROVID\u00caNCIAS NO SENTIDO DE ENVIAR A RELA\u00c7\u00d5ES DE BENS PATRIMONIAIS DOS \u00d3RG\u00c3OS DO MUNIC\u00cdPIO QUE N\u00c3O TEM UTILIDADE PARA O ACERVO PATRIMONIAL DA PREFEITURA."}, {"id": "137", "ano": "2017", "numero": "18", "tipo__sigla": "IND", "tipo__descricao": "Indica\u00e7\u00e3o", "autoria": "Ver. Galego da Patrola", "texto_original": "http://sapl.cariridotocantins.to.leg.br/media/./sapl/public/materialegislativa/2017/137/137_texto_integral.pdf", "ementa": "INDICA O EXM.\u00ba SR\u00ba. PREFEITO MUNICIPAL PROVID\u00caNCIAS NO SENTIDO DE DOA\u00c7\u00c3O DE BOLSA NO CURSO DE LIBRAS (L\u00cdNGUA BRASILEIRA DE SINAIS) PARA OS MUN\u00cdCIPES CARIRENSES QUE TEM NECESSIDADE ESPECIAL DE SE COMUNICAR ATRAV\u00c9S DAS LIBRAS."}, {"id": "141", "ano": "2017", "numero": "19", "tipo__sigla": "IND", "tipo__descricao": "Indica\u00e7\u00e3o", "autoria": "Professor Ederson", "texto_original": "http://sapl.cariridotocantins.to.leg.br/media/./sapl/public/materialegislativa/2017/141/141_texto_integral.pdf", "ementa": "INDICA O EXM.\u00ba SR\u00ba. PREFEITO MUNICIPAL PROVIDENCIAS NO SENTIDO DE REFORMAR E EQUIPAR A FANFARRA DA REDE MUNICIPAL DE ENSINO BEM COMO REATIVAR A BANDA MUNICIPAL."}, {"id": "142", "ano": "2017", "numero": "20", "tipo__sigla": "IND", "tipo__descricao": "Indica\u00e7\u00e3o", "autoria": "Professor Ederson", "texto_original": "http://sapl.cariridotocantins.to.leg.br/media/./sapl/public/materialegislativa/2017/142/142_texto_integral.pdf", "ementa": "INDICA O EXM.\u00ba SR\u00ba. PREFEITO MUNICIPAL PROVIDENCIAS NO SENTIDO DE IMPLANTAR REDUTOR DE VELOCIDADE EM FRENTE DA ESCOLA MUNICIPAL DIVINA RIBEIRO BORGES."}, {"id": "143", "ano": "2017", "numero": "21", "tipo__sigla": "IND", "tipo__descricao": "Indica\u00e7\u00e3o", "autoria": "Professor Ederson", "texto_original": "http://sapl.cariridotocantins.to.leg.br/media/./sapl/public/materialegislativa/2017/143/143_texto_integral.pdf", "ementa": "INDICA O EXM.\u00ba SR\u00ba. PREFEITO MUNICIPAL PROVIDENCIAS NO SENTIDO DE GARANTIR MELHOR REMUNERA\u00c7\u00c3O AOS CONSELHEIROS TUTELARES."}, {"id": "145", "ano": "2017", "numero": "22", "tipo__sigla": "IND", "tipo__descricao": "Indica\u00e7\u00e3o", "autoria": "Professor Ederson", "texto_original": "http://sapl.cariridotocantins.to.leg.br/media/./sapl/public/materialegislativa/2017/145/145_texto_integral.pdf", "ementa": "INDICA O EXM.\u00ba SR\u00ba. PREFEITO MUNICIPAL PROVIDENCIAS NO SENTIDO DA ADQUIRIR  UM VEICULO PARA O CONSELHO TUTELAR DE CARIRI DO TOCANTINS."}, {"id": "151", "ano": "2017", "numero": "23", "tipo__sigla": "IND", "tipo__descricao": "Indica\u00e7\u00e3o", "autoria": "Jos\u00e9 Ponciano", "texto_original": "http://sapl.cariridotocantins.to.leg.br/media/./sapl/public/materialegislativa/2017/151/151_texto_integral.pdf", "ementa": "INDICA AO EXM.\u00ba SR. PREFEITO MUNICIPAL PROVID\u00caNCIAS NO SENTIDO DE REVER URGENTEMENTE A REGULAMENTA\u00c7\u00c3O DA LEI N\u00ba 349/2012 DE 31 DE MAIO DE 2012, LEI SOBRE INSPE\u00c7\u00c3O SANIT\u00c1RIA DE PRODUTOS DE ORIGEM ANIMAL-SIM."}, {"id": "152", "ano": "2017", "numero": "24", "tipo__sigla": "IND", "tipo__descricao": "Indica\u00e7\u00e3o", "autoria": "Jos\u00e9 Ponciano", "texto_original": "http://sapl.cariridotocantins.to.leg.br/media/./sapl/public/materialegislativa/2017/152/152_texto_integral.pdf", "ementa": "INDICA AO EXM\u00ba. SR. PREFEITO MUNICIPAL PROVID\u00caNCIAS NO SENTIDO DE REALIZAR O REAJUSTE/RECOMPOSI\u00c7\u00c3O DO SALARIO DE TODOS OS SERVIDORES MUNICIPAIS."}, {"id": "153", "ano": "2017", "numero": "25", "tipo__sigla": "IND", "tipo__descricao": "Indica\u00e7\u00e3o", "autoria": "Ver. Ivonete", "texto_original": "http://sapl.cariridotocantins.to.leg.br/media/./sapl/public/materialegislativa/2017/153/153_texto_integral.pdf", "ementa": "INDICA AO EXM\u00ba. SR. PREFEITO MUNICIPAL PROVID\u00caNCIAS NO SENTIDO DE REPARAR OS MATA-BURROS E AS ESTRADA DA ZONA RURAL."}, {"id": "154", "ano": "2017", "numero": "26", "tipo__sigla": "IND", "tipo__descricao": "Indica\u00e7\u00e3o", "autoria": "Ver. Gero Laimer", "texto_original": "http://sapl.cariridotocantins.to.leg.br/media/./sapl/public/materialegislativa/2017/154/154_texto_integral.pdf", "ementa": "INDICA AO EXM\u00ba. SR. PREFEITO MUNICIPAL PROVID\u00caNCIAS NO SENTIDO DE DISTRIBUIR EQUIPAMENTOS DE PROTE\u00c7\u00c3O INDIVIDUAL (E.P.I) AOS SERVIDORES DA LIMPEZA."}, {"id": "155", "ano": "2017", "numero": "27", "tipo__sigla": "IND", "tipo__descricao": "Indica\u00e7\u00e3o", "autoria": "Ver. Galego da Patrola", "texto_original": "http://sapl.cariridotocantins.to.leg.br/media/./sapl/public/materialegislativa/2017/155/155_texto_integral.pdf", "ementa": "INDICA AO EXM\u00ba. SR. PREFEITO MUNICIPAL PROVID\u00caNCIAS NO SENTIDO DE DISPONIBILIZAR PROFISSIONAIS DA \u00c1REAS DA SA\u00daDE, COMO OFTALMOLOGISTA, OTORRINOLARINGOLOGIA E UM CLINICO GERAL, NO PROGRAMA SA\u00daDE NA ESCOLA, PARA O ATENDIMENTO DE CRIAN\u00c7AS E ADOLESCENTE DE 05 A 19 ANOS."}, {"id": "157", "ano": "2017", "numero": "28", "tipo__sigla": "IND", "tipo__descricao": "Indica\u00e7\u00e3o", "autoria": "Jos\u00e9 Ponciano", "texto_original": "http://sapl.cariridotocantins.to.leg.br/media/./sapl/public/materialegislativa/2017/157/157_texto_integral.pdf", "ementa": "INDICA AO EXM\u00ba. SR. PREFEITO MUNICIPAL PROVID\u00caNCIAS NO SENTIDO DE DISPONIBILIZAR CA\u00c7AMBAS DE ADUBO ORG\u00c2NICO (ESTERCO) PARA OS PEQUENOS PRODUTORES (HORTICULTOR)."}, {"id": "158", "ano": "2017", "numero": "29", "tipo__sigla": "IND", "tipo__descricao": "Indica\u00e7\u00e3o", "autoria": "Ver. Gero Laimer", "texto_original": "http://sapl.cariridotocantins.to.leg.br/media/./sapl/public/materialegislativa/2017/158/158_texto_integral.pdf", "ementa": "INDICA AO EXM\u00ba PREFEITO MUNICIPAL PROVID\u00caNCIAS  NO SENTIDO DE REFORMA IMEDIATA DA UNIDADE B\u00c1SICA DE SA\u00daDE E A UTILIZA\u00c7\u00c3O DO PR\u00c9DIO ANEXO QUE FOI INAUGURADO NA GEST\u00c3O ANTERIOR."}, {"id": "164", "ano": "2017", "numero": "30", "tipo__sigla": "IND", "tipo__descricao": "Indica\u00e7\u00e3o", "autoria": "Ver. Gero Laimer", "texto_original": "http://sapl.cariridotocantins.to.leg.br/media/./sapl/public/materialegislativa/2017/164/164_texto_integral.pdf", "ementa": "INDICA AO SENHOR PREFEITO MUNICIPAL VANDERLEI ANTONIO DE CARVALHO JR, PROVIDENCIAS NA MARCA\u00c7\u00c3O DE FAIXA DE PEDESTRES NOS QUATRO CANTOS DAS AVENIDAS ARLINDO MARTINS C/RUA JOAQUINA A.DE SOUZA E CASTELO BRANCO C/ JULIETA ZEFERINA E NAS ESQUINAS DE GRANDE TRAFICO DE VE\u00cdCULOS LEVES E PESADOS"}, {"id": "165", "ano": "2017", "numero": "31", "tipo__sigla": "IND", "tipo__descricao": "Indica\u00e7\u00e3o", "autoria": "Ver. Gero Laimer", "texto_original": "http://sapl.cariridotocantins.to.leg.br/media/./sapl/public/materialegislativa/2017/165/165_texto_integral.pdf", "ementa": "INDICA AO PREFEITO MUNICIPAL DE CARIRI DO TOCANTINS PROVIDENCIAS NO SENTIDO DE IDENTIFICA\u00c7\u00c3O DE TODOS OS VE\u00cdCULOS DA ADMINISTRA\u00c7\u00c3O PUBLICA DO MUNIC\u00cdPIO SEJAM ADESIVADOS COM BRAS\u00c3O DO MUNIC\u00cdPIO E A QUAL SECRETARIA ELE PERTENCE."}, {"id": "167", "ano": "2017", "numero": "32", "tipo__sigla": "IND", "tipo__descricao": "Indica\u00e7\u00e3o", "autoria": "Jos\u00e9 Ponciano", "texto_original": "http://sapl.cariridotocantins.to.leg.br/media/./sapl/public/materialegislativa/2017/167/167_texto_integral.pdf", "ementa": "INDICA AO EXCELENT\u00cdSSIMO SENHOR PREFEITO MUNICIPAL DE CARIRI DO TOCANTINS, PROVID\u00caNCIAS NO SENTIDO DE REALIZAR PERFURA\u00c7\u00d5ES DE PO\u00c7OS SEMI-ARTESIANOS PARA OS PEQUENOS PRODUTORES NA ZONA RURAL DE CARIRI DO TOCANTINS."}, {"id": "168", "ano": "2017", "numero": "33", "tipo__sigla": "IND", "tipo__descricao": "Indica\u00e7\u00e3o", "autoria": "Jos\u00e9 Ponciano", "texto_original": "http://sapl.cariridotocantins.to.leg.br/media/./sapl/public/materialegislativa/2017/168/168_texto_integral.pdf", "ementa": "INDICA AO EXCELENT\u00cdSSIMO SENHOR PREFEITO MUNICIPAL DE CARIRI DO TOCANTINS, PROVID\u00caNCIAS NO SENTIDO DE AUXILIAR OS BENEFICI\u00c1RIOS DO LOTEAMENTO PRIMAVERA E NOVO HORIZONTE."}, {"id": "166", "ano": "2017", "numero": "34", "tipo__sigla": "IND", "tipo__descricao": "Indica\u00e7\u00e3o", "autoria": "Jos\u00e9 Ponciano", "texto_original": "http://sapl.cariridotocantins.to.leg.br/media/./sapl/public/materialegislativa/2017/166/166_texto_integral.pdf", "ementa": "SOLICITA PROVIDENCIAS NO SENTIDO DE ILUMINA\u00c7\u00c3O PUBLICA E UM VIGIA NOTURNO NO CEMIT\u00c9RIO MUNICIPAL DE CARIRI DO TOCANTINS."}, {"id": "169", "ano": "2017", "numero": "35", "tipo__sigla": "IND", "tipo__descricao": "Indica\u00e7\u00e3o", "autoria": "Professor Ederson", "texto_original": "http://sapl.cariridotocantins.to.leg.br/media/./sapl/public/materialegislativa/2017/169/169_texto_integral.pdf", "ementa": "INDICA AO SENHOR PREFEITO MUNICIPAL PROVID\u00caNCIAS NO SENTIDO DE EQUIPAR A SA\u00daDE BUCAL E/OU CONTRATAR 01 CIRURGI\u00c3O DENTISTA. "}, {"id": "175", "ano": "2017", "numero": "36", "tipo__sigla": "IND", "tipo__descricao": "Indica\u00e7\u00e3o", "autoria": "Ver. Gero Laimer", "texto_original": "http://sapl.cariridotocantins.to.leg.br/media/./sapl/public/materialegislativa/2017/175/175_texto_integral.pdf", "ementa": "INDICA AO PREFEITO A POSSIBILIDADE DE REGULAMENTA\u00c7\u00c3O, MEDIANTE PROJETO DE LEI, SOBRE A SITUA\u00c7\u00c3O DOS ANIMAIS QUE S\u00c3O CRIADOS NAS RUAS."}, {"id": "176", "ano": "2017", "numero": "37", "tipo__sigla": "IND", "tipo__descricao": "Indica\u00e7\u00e3o", "autoria": "Ver. Galego da Patrola", "texto_original": "http://sapl.cariridotocantins.to.leg.br/media/./sapl/public/materialegislativa/2017/176/176_texto_integral.pdf", "ementa": "INDICA AO EXM\u00ba. SR. PREFEITO MUNICIPAL QUE FA\u00c7A GEST\u00c3O JUNTO AO GERENTE DO BANCO DO BRADESCO PARA DISPONIBILIZAR DINHEIRO NO CAIXA ELETR\u00d4NICO TODOS OS DIAS DA SEMANA, EM ESPECIAL S\u00c1BADO E DOMINGO, NA SEMANA DO PAGAMENTO DA PREFEITURA AOS SERVIDORES.   "}, {"id": "177", "ano": "2017", "numero": "38", "tipo__sigla": "IND", "tipo__descricao": "Indica\u00e7\u00e3o", "autoria": "Ver. Gero Laimer", "texto_original": "http://sapl.cariridotocantins.to.leg.br/media/./sapl/public/materialegislativa/2017/177/177_texto_integral.pdf", "ementa": "INDICA AO EXMO. SENHOR PREFEITO MUNICIPAL VANDERLEI ANT\u00d4NIO DE CARVALHO J\u00daNIOR, PROVID\u00caNCIAS NO SENTIDO DE PROIBIR E/OU MULTAR VENDEDORES AMBULANTES EM CARIRI DO TOCANTINS E DA OUTRAS PROVIDENCIAS."}, {"id": "178", "ano": "2017", "numero": "39", "tipo__sigla": "IND", "tipo__descricao": "Indica\u00e7\u00e3o", "autoria": "Professor Ederson", "texto_original": "http://sapl.cariridotocantins.to.leg.br/media/./sapl/public/materialegislativa/2017/178/178_texto_integral.pdf", "ementa": "INDICA AO EXMO. SENHOR PREFEITO MUNICIPAL PROVID\u00caNCIAS NO SENTIDO DE IMPLANTAR UM LABORAT\u00d3RIO DE INFORM\u00c1TICA NA ESCOLA MUNICIPAL DIVINA RIBEIRO BORGES.\r\n\r\n"}, {"id": "179", "ano": "2017", "numero": "40", "tipo__sigla": "IND", "tipo__descricao": "Indica\u00e7\u00e3o", "autoria": "Professor Ederson", "texto_original": "http://sapl.cariridotocantins.to.leg.br/media/./sapl/public/materialegislativa/2017/179/179_texto_integral.jpeg", "ementa": "INDICA AO EXMO. SENHOR PREFEITO MUNICIPAL PROVID\u00caNCIAS NO SENTIDO DE IMPLANTAR UM VIVEIRO DE PLANTAS E DOAR AOS MUN\u00cdCIPES MUDAS DE IP\u00caS PARA O PLANTIO NAS CAL\u00c7ADAS."}, {"id": "180", "ano": "2017", "numero": "41", "tipo__sigla": "IND", "tipo__descricao": "Indica\u00e7\u00e3o", "autoria": "Ver. Galego da Patrola", "texto_original": "http://sapl.cariridotocantins.to.leg.br/media/./sapl/public/materialegislativa/2017/180/180_texto_integral.pdf", "ementa": "INDICA AO EXM\u00ba. SR PREFEITO MUNICIPAL PROVIDENCIAS NO SENTIDO DE DISPONIBILIZAR PASSES DE \u00d4NIBUS PARA MORADORES DE CARIRI DO TOCANTINS QUE TRABALHA EM GURUPI E PARA OS RESIDENTES EM GURUPI QUE TRABALHAM EM CARIRI DO TOCANTINS."}, {"id": "181", "ano": "2017", "numero": "42", "tipo__sigla": "IND", "tipo__descricao": "Indica\u00e7\u00e3o", "autoria": "Ver. Crist\u00f3v\u00e3o", "texto_original": "http://sapl.cariridotocantins.to.leg.br/media/./sapl/public/materialegislativa/2017/181/181_texto_integral.pdf", "ementa": "INDICA AO EXM\u00ba. SR. PREFEITO MUNICIPAL  PROVIDENCIAS NO SENTIDO DE CONSTRUIR LOMBADAS (QUEBRA-MOLAS) E/OU SINALIZA\u00c7\u00c3O COM PLACAS DE ADVERT\u00caNCIA NA AVENIDA BERNARDO SAYAO."}, {"id": "182", "ano": "2017", "numero": "43", "tipo__sigla": "IND", "tipo__descricao": "Indica\u00e7\u00e3o", "autoria": "Jos\u00e9 Ponciano", "texto_original": "http://sapl.cariridotocantins.to.leg.br/media/./sapl/public/materialegislativa/2017/182/182_texto_integral.pdf", "ementa": "INDICA AO EXM\u00ba. SR. PREFEITO MUNICIPAL PROVID\u00caNCIAS NO SENTIDO DE PROMOVER A REGULARIZA\u00c7\u00c3O FUNDI\u00c1RIA DA \u00c1REA QUE ESPECIFICA."}, {"id": "183", "ano": "2017", "numero": "44", "tipo__sigla": "IND", "tipo__descricao": "Indica\u00e7\u00e3o", "autoria": "Ver. Gero Laimer", "texto_original": "http://sapl.cariridotocantins.to.leg.br/media/./sapl/public/materialegislativa/2017/183/183_texto_integral.pdf", "ementa": "INDICA AO EXM\u00ba. SR. PREFEITO MUNICIPAL PROVID\u00caNCIAS NO SENTIDO DE ENVIAR ESCLARECIMENTO SOBRE O PROJETO DE LEI DE REGULARIZA\u00c7\u00c3O DOS LOTEAMENTOS NOVO HORIZONTE E PLANALTO."}, {"id": "188", "ano": "2017", "numero": "45", "tipo__sigla": "IND", "tipo__descricao": "Indica\u00e7\u00e3o", "autoria": "Jos\u00e9 Ponciano", "texto_original": "http://sapl.cariridotocantins.to.leg.br/media/./sapl/public/materialegislativa/2017/188/188_texto_integral.pdf", "ementa": "INDICA AO EXM\u00ba. SR. PREFEITO MUNICIPAL  PROVIDENCIAS NO SENTIDO DE RESTAURA\u00c7\u00c3O/CONSTRU\u00c7\u00c3O DO BUEIRO NO C\u00d3RREGO MACA\u00daBA."}, {"id": "189", "ano": "2017", "numero": "46", "tipo__sigla": "IND", "tipo__descricao": "Indica\u00e7\u00e3o", "autoria": "Jos\u00e9 Ponciano", "texto_original": "http://sapl.cariridotocantins.to.leg.br/media/./sapl/public/materialegislativa/2017/189/189_texto_integral.pdf", "ementa": "INDICA AO EXM\u00ba. SR. PREFEITO MUNICIPAL PROVID\u00caNCIAS NO SENTIDO DE REUTILIZA\u00c7\u00c3O DO PR\u00c9DIO DO CENTRO CULTURAL MUNICIPAL."}, {"id": "190", "ano": "2017", "numero": "47", "tipo__sigla": "IND", "tipo__descricao": "Indica\u00e7\u00e3o", "autoria": "Ver. Gero Laimer", "texto_original": "http://sapl.cariridotocantins.to.leg.br/media/", "ementa": "INDICA AO EXM\u00ba. SR. PREFEITO MUNICIPAL PROVID\u00caNCIAS NO SENTIDO  DE CONSTRUIR PONTO DE \u00d4NIBUS."}, {"id": "161", "ano": "2017", "numero": "2", "tipo__sigla": "PLO-E", "tipo__descricao": "Projeto de Lei Ordin\u00e1ria - Executivo", "autoria": "Vanderlei Ant\u00f4nio de Carvalho Junior", "texto_original": "http://sapl.cariridotocantins.to.leg.br/media/./sapl/public/materialegislativa/2017/161/161_texto_integral.pdf", "ementa": "DISP\u00d5E SOBRE A CONTRATA\u00c7\u00c3O DE PESSOAL, POR TEMPO DETERMINADO,PARA ATENDER A NECESSIDADE DE EXCEPCIONAL INTERESSE P\u00daBLICO, NOS TERMOS DO ART 37,IX, DA CONSTITUI\u00c7\u00c3O FEDERAL, ART.9\u00ba,IX, DA CONSTITUI\u00c7\u00c3O ESTADUAL, E D\u00c1 OUTRAS PROVID\u00caNCIAS."}, {"id": "172", "ano": "2017", "numero": "3", "tipo__sigla": "PLO-E", "tipo__descricao": "Projeto de Lei Ordin\u00e1ria - Executivo", "autoria": "", "texto_original": "http://sapl.cariridotocantins.to.leg.br/media/./sapl/public/materialegislativa/2017/172/172_texto_integral.pdf", "ementa": "DISP\u00d5E SOBRE A ELABORA\u00c7\u00c3O DA LEI OR\u00c7AMENT\u00c1RIA (LDO) PARA O EXERC\u00cdCIO DE 2018 E D\u00c1 OUTRAS PROVID\u00caNCIAS."}, {"id": "173", "ano": "2017", "numero": "4", "tipo__sigla": "PLO-E", "tipo__descricao": "Projeto de Lei Ordin\u00e1ria - Executivo", "autoria": "Vanderlei Ant\u00f4nio de Carvalho Junior", "texto_original": "http://sapl.cariridotocantins.to.leg.br/media/./sapl/public/materialegislativa/2017/173/173_texto_integral.pdf", "ementa": "DISP\u00d5E SOBRE AUTORIZA\u00c7\u00c3O AO PODER EXECUTIVO PARA PROMOVER A ALIENA\u00c7\u00c3O DE BENS M\u00d3VEIS INSERV\u00cdVEIS \u00c1 ADMINISTRA\u00c7\u00c3O P\u00daBLICA MUNICIPAL, E D\u00c1 OUTRAS PROVID\u00caNCIAS."}, {"id": "174", "ano": "2017", "numero": "5", "tipo__sigla": "PLO-E", "tipo__descricao": "Projeto de Lei Ordin\u00e1ria - Executivo", "autoria": "", "texto_original": "http://sapl.cariridotocantins.to.leg.br/media/./sapl/public/materialegislativa/2017/174/174_texto_integral.pdf", "ementa": "DISP\u00d5E SOBRE ALTERA\u00c7\u00c3O DOS ANEXOS I, II, III E IV DA LEI MUNICIPAL N\u00ba 228/05, E D\u00c1 OUTRAS PROVID\u00caNCIAS."}, {"id": "191", "ano": "2017", "numero": "16", "tipo__sigla": "PLO-E", "tipo__descricao": "Projeto de Lei Ordin\u00e1ria - Executivo", "autoria": "Vanderlei Ant\u00f4nio de Carvalho Junior", "texto_original": "http://sapl.cariridotocantins.to.leg.br/media/./sapl/public/materialegislativa/2017/191/191_texto_integral.pdf", "ementa": "\"DISP\u00d5E SOBRE O PLANO PLURIANUAL (PPA) DO MUNIC\u00cdPIO DE CARIRI/TO, PARA O QUADRI\u00caNIO 2018-2021."}, {"id": "192", "ano": "2017", "numero": "17", "tipo__sigla": "PLO-E", "tipo__descricao": "Projeto de Lei Ordin\u00e1ria - Executivo", "autoria": "Vanderlei Ant\u00f4nio de Carvalho Junior", "texto_original": "http://sapl.cariridotocantins.to.leg.br/media/./sapl/public/materialegislativa/2017/192/192_texto_integral.pdf", "ementa": "\"DISP\u00d5E SOBRE A LEI OR\u00c7AMENT\u00c1RIA ANUAL (LOA) PARA O EXERC\u00cdCIO DE 2018 ESTIMANDO RECEITA E FIXANDO DESPESAS E D\u00c1 OUTRAS PROVID\u00caNCIAS\"."}, {"id": "125", "ano": "2017", "numero": "1", "tipo__sigla": "REQ", "tipo__descricao": "Requerimento", "autoria": "Ver. Gero Laimer", "texto_original": "http://sapl.cariridotocantins.to.leg.br/media/./sapl/public/materialegislativa/2017/125/125_texto_integral.pdf", "ementa": "REQUER A REALIZA\u00c7\u00c3O DE OPERA\u00c7\u00c3O TAPA BURACOS E RECAPEAMENTOS DAS VIAS P\u00daBLICAS MUNICIPAIS DE CARIRI DO TOCANTINS."}, {"id": "126", "ano": "2017", "numero": "2", "tipo__sigla": "REQ", "tipo__descricao": "Requerimento", "autoria": "Ver. Gero Laimer", "texto_original": "http://sapl.cariridotocantins.to.leg.br/media/./sapl/public/materialegislativa/2017/126/126_texto_integral.pdf", "ementa": "REQUER A RELA\u00c7\u00c3O DE TODOS OS SERVIDORES, FUNCION\u00c1RIOS P\u00daBLICOS QUE CONSTA NA FOLHA DE PAGAMENTO DO M\u00caS DE JANEIRO DA PREFEITURA, DO FUNDO MUNICIPAL DE SA\u00daDE, ASSIST\u00caNCIA SOCIAL E DE EDUCA\u00c7\u00c3O, COM OS DEVIDOS CARGOS E SAL\u00c1RIOS."}, {"id": "127", "ano": "2017", "numero": "3", "tipo__sigla": "REQ", "tipo__descricao": "Requerimento", "autoria": "Ver. Ivonete", "texto_original": "http://sapl.cariridotocantins.to.leg.br/media/./sapl/public/materialegislativa/2017/127/127_texto_integral.pdf", "ementa": "REQUER A DISPONIBILIDADE DE RECURSOS FINANCEIROS PARA CONSTRU\u00c7\u00c3O DE CASA DE AMPARO E APOIO A TERCEIRA IDADE."}, {"id": "128", "ano": "2017", "numero": "5", "tipo__sigla": "REQ", "tipo__descricao": "Requerimento", "autoria": "Ver. Arivan", "texto_original": "http://sapl.cariridotocantins.to.leg.br/media/./sapl/public/materialegislativa/2017/128/128_texto_integral.pdf", "ementa": "REQUER A IMPLANTA\u00c7\u00c3O DE SISTEMA DE ENERGIA SOLAR NA ESCOLA MUNICIPAL DIVINA RIBEIRO BORGES."}, {"id": "129", "ano": "2017", "numero": "6", "tipo__sigla": "REQ", "tipo__descricao": "Requerimento", "autoria": "Ver. Galego da Patrola", "texto_original": "http://sapl.cariridotocantins.to.leg.br/media/./sapl/public/materialegislativa/2017/129/129_texto_integral.pdf", "ementa": "REQUER O ESTUDO SOBRE A POSSIBILIDADE DE REVERS\u00c3O AO PATRIM\u00d4NIO P\u00daBLICO DOS IM\u00d3VEIS DOADO A EMPRESA COSTEIRA TRANSPORTES E SERVI\u00c7OS LTDA."}, {"id": "144", "ano": "2017", "numero": "7", "tipo__sigla": "REQ", "tipo__descricao": "Requerimento", "autoria": "Ver. Gero Laimer", "texto_original": "http://sapl.cariridotocantins.to.leg.br/media/./sapl/public/materialegislativa/2017/144/144_texto_integral.pdf", "ementa": "REQUER A RELA\u00c7\u00c3O E COPIAS DOS CHEQUES SUSTADOS, DEVOLVIDOS PELA ATUAL GEST\u00c3O E SALDO BANC\u00c1RIO DAS REFERIDAS CONTAS NO DIA DA DEVOLU\u00c7\u00c3O E SUSTA\u00c7\u00c3O DOS CHEQUES."}, {"id": "146", "ano": "2017", "numero": "8", "tipo__sigla": "REQ", "tipo__descricao": "Requerimento", "autoria": "Professor Ederson", "texto_original": "http://sapl.cariridotocantins.to.leg.br/media/./sapl/public/materialegislativa/2017/146/146_texto_integral.pdf", "ementa": "REQUER A RELA\u00c7\u00c3O DE SERVIDORES CONTRATADOS E NOMEADOS QUE RECEBEM PELO FUNDO MUNICIPAL DE EDUCA\u00c7\u00c3O E DE OUTRAS PROVID\u00caNCIAS."}, {"id": "147", "ano": "2017", "numero": "9", "tipo__sigla": "REQ", "tipo__descricao": "Requerimento", "autoria": "Professor Ederson", "texto_original": "http://sapl.cariridotocantins.to.leg.br/media/./sapl/public/materialegislativa/2017/147/147_texto_integral.pdf", "ementa": "REQUER A RELA\u00c7\u00c3O DE SERVIDORES CONTRATADOS E NOMEADOS QUE RECEBEM PELO FUNDO MUNICIPAL DE EDUCA\u00c7\u00c3O E DE OUTRAS PROVID\u00caNCIAS."}, {"id": "148", "ano": "2017", "numero": "10", "tipo__sigla": "REQ", "tipo__descricao": "Requerimento", "autoria": "Ver. Gero Laimer", "texto_original": "http://sapl.cariridotocantins.to.leg.br/media/./sapl/public/materialegislativa/2017/148/148_texto_integral.pdf", "ementa": "REQUER PROVIDENCIAS PARA REATIVAR O GIN\u00c1SIO DE ESPORTE LUIZ ORLANDO DE POMPEU DE CARIRI DO TOCANTINS."}, {"id": "149", "ano": "2017", "numero": "11", "tipo__sigla": "REQ", "tipo__descricao": "Requerimento", "autoria": "Professor Ederson", "texto_original": "http://sapl.cariridotocantins.to.leg.br/media/./sapl/public/materialegislativa/2017/149/149_texto_integral.pdf", "ementa": "VENHO ATRAV\u00c9S DESTE,  REQUERER DE  VOSSA SENHORIA QUE O PROCESSO DE CONFER\u00caNCIA DOS CART\u00d5ES RESPOSTAS BEM COMO A DIGITALIZA\u00c7\u00c3O E INFORMATIZA\u00c7\u00c3O  DOS MESMOS OCORRA NO DIA DAS REFERIDAS AVALIA\u00c7\u00d5ES DO CONCURSO P\u00daBLICO EM CARIRI DO TOCANTINS."}, {"id": "150", "ano": "2017", "numero": "12", "tipo__sigla": "REQ", "tipo__descricao": "Requerimento", "autoria": "Professor Ederson", "texto_original": "http://sapl.cariridotocantins.to.leg.br/media/./sapl/public/materialegislativa/2017/150/150_texto_integral.pdf", "ementa": "REQUER A SENHORA SECRET\u00c1RIA MUNICIPAL DE SA\u00daDE DE CARIRI DO TOCANTINS, QUE SEJA FIRMADO PARCERIA COM O CENTRO DE CONTROLE DE ZOONOSES (CCZ), PARA QUE DE MANEIRA REGULARIZADA E LEGAL SE RETIRASSEM DAS RUAS OS ANIMAIS ABANDONADOS E/OU ENT\u00c3O SE REALIZASSE O PROCESSO DE CASTRA\u00c7\u00c3O DOS MESMOS."}, {"id": "159", "ano": "2017", "numero": "13", "tipo__sigla": "REQ", "tipo__descricao": "Requerimento", "autoria": "Professor Ederson", "texto_original": "http://sapl.cariridotocantins.to.leg.br/media/./sapl/public/materialegislativa/2017/159/159_texto_integral.pdf", "ementa": "REQUER AO SECRET\u00c1RIO MUNICIPAL DE ADMINISTRA\u00c7\u00c3O, FINAN\u00c7AS E PLANEJAMENTO DE CARIRI DO TOCANTINS, PROGRESS\u00c3O DE CARGO DOS PROFESSORES SUPERIORES I PARA O CARGO PROFESSOR SUPERIOR II, E DO CARGO DE ORIENTADOR EDUCACIONAL I PARA ORIENTADOR EDUCACIONAL II."}, {"id": "160", "ano": "2017", "numero": "14", "tipo__sigla": "REQ", "tipo__descricao": "Requerimento", "autoria": "Professor Ederson", "texto_original": "http://sapl.cariridotocantins.to.leg.br/media/./sapl/public/materialegislativa/2017/160/160_texto_integral.pdf", "ementa": "REQUER A SECRET\u00c1RIA MUNICIPAL DA EDUCA\u00c7\u00c3O DE CARIRI DO TOCANTINS, PROGRESS\u00c3O DE CARGO DOS PROFESSORES SUPERIORES I PARA O CARGO PROFESSOR SUPERIOR II, E DO CARGO DE ORIENTADOR EDUCACIONAL I PARA ORIENTADOR EDUCACIONAL II."}, {"id": "162", "ano": "2017", "numero": "15", "tipo__sigla": "REQ", "tipo__descricao": "Requerimento", "autoria": "Professor Ederson, Ver. Arivan, Ver. Crist\u00f3v\u00e3o, Ver. Galego da Patrola, Ver. Gero Laimer", "texto_original": "http://sapl.cariridotocantins.to.leg.br/media/./sapl/public/materialegislativa/2017/162/162_texto_integral.pdf", "ementa": "REQUER AO SECRET\u00c1RIO DE ADMINISTRA\u00c7\u00c3O, FINAN\u00c7AS E PLANEJAMENTO - WARLEY VAZ, QUE TODOS OS MESES, SEJAM ENVIADOS A ESTA CASA DE LEIS A RELA\u00c7\u00c3O DE VALORES RECEBIDOS PELA PREFEITURA MUNICIPAL DE CARIRI DO TOCANTINS E TODOS OS FUNDOS EXISTENTES DO M\u00caS ANTERIOR, PARA TRANSPARECIAS AOS NOBRES VEREADORES."}, {"id": "163", "ano": "2017", "numero": "16", "tipo__sigla": "REQ", "tipo__descricao": "Requerimento", "autoria": "Ver. Crist\u00f3v\u00e3o", "texto_original": "http://sapl.cariridotocantins.to.leg.br/media/./sapl/public/materialegislativa/2017/163/163_texto_integral.pdf", "ementa": "REQUER ATRAV\u00c9S DESTE, SOLICITAR DE VOSSA EXCEL\u00caNCIA QUE SEJA CEDIDA MAIS 10(DEZ) BANCAS PARA NOVOS PRODUTORES HORTICULTORES DO ASSENTAMENTO P.A COIMBRA."}, {"id": "170", "ano": "2017", "numero": "17", "tipo__sigla": "REQ", "tipo__descricao": "Requerimento", "autoria": "Professor Ederson, Ver. Arivan, Ver. Crist\u00f3v\u00e3o, Ver. Galego da Patrola, Ver. Gero Laimer", "texto_original": "http://sapl.cariridotocantins.to.leg.br/media/./sapl/public/materialegislativa/2017/170/170_texto_integral.pdf", "ementa": "REQUEREM ATRAV\u00c9S DESTE, SOLICITAR DE VOSSA SENHORIA QUE SEJA ENCAMINHADO A ESTA CASA DE LEIS TODA A DOCUMENTA\u00c7\u00c3O (PROCESSO DE ALUGUEL E OU COMPRA: PLANILHA DE GASTOS COM A ADEQUA\u00c7\u00c3O; CONTRATOS DE LOCA\u00c7\u00c3O E OU COMPRAS E ETC.) REFERENTE \u00c0 LOCALIDADE EM QUE EST\u00c1 ACONTECENDO A FEIRA DA LUA"}, {"id": "171", "ano": "2017", "numero": "18", "tipo__sigla": "REQ", "tipo__descricao": "Requerimento", "autoria": "Professor Ederson, Ver. Arivan, Ver. Crist\u00f3v\u00e3o, Ver. Galego da Patrola, Ver. Gero Laimer", "texto_original": "http://sapl.cariridotocantins.to.leg.br/media/./sapl/public/materialegislativa/2017/171/171_texto_integral.pdf", "ementa": "REQUEREM ATRAV\u00c9S DESTE, O COMPARECIMENTO DE VOSSA SENHORIA NESTA CASA DE LEIS OU SERVIDOR DESIGNADO PARA TAL, NA PR\u00d3XIMA SESS\u00c3O 15/08/2017 - \u00c0S 20 HORAS PARA ESCLARECIMENTOS SOBRE O ANDAMENTO DOS TRABALHOS DO V CONCURSO P\u00daBLICO DA PREFEITURA MUNICIPAL DE CARIRI DO TOCANTINS, ORA SUSPENSO ATRAV\u00c9S DO DECRETO 090/2017 DO PREFEITO MUNICIPAL DE CARIRI DO TOCANTINS."}, {"id": "184", "ano": "2017", "numero": "19", "tipo__sigla": "REQ", "tipo__descricao": "Requerimento", "autoria": "Professor Ederson", "texto_original": "http://sapl.cariridotocantins.to.leg.br/media/./sapl/public/materialegislativa/2017/184/184_texto_integral.pdf", "ementa": "REQUER A SENHORA SECRET\u00c1RIA MUNICIPAL DE SA\u00daDE PROVID\u00caNCIAS NO SENTIDO DE EQUIPAR A SA\u00daDE BUCAL E/OU CONTRATAR 01 CIRURGI\u00c3O DENTISTA. "}, {"id": "185", "ano": "2017", "numero": "20", "tipo__sigla": "REQ", "tipo__descricao": "Requerimento", "autoria": "Professor Ederson, Ver. Arivan, Ver. Crist\u00f3v\u00e3o, Ver. Galego da Patrola, Ver. Gero Laimer", "texto_original": "http://sapl.cariridotocantins.to.leg.br/media/./sapl/public/materialegislativa/2017/185/185_texto_integral.pdf", "ementa": "REQUEREM A EXMO.  SENHOR PRESIDENTE DA C\u00c2MARA MUNICIPAL DE CARIRI DO TOCANTINS PROVIDENCIAS NO SENTIDO CONCEDER TITULO DE CIDAD\u00c3O CARIRIENSE AO SENHOR IOMAR EVANGELISTA DE MORAIS."}, {"id": "186", "ano": "2017", "numero": "21", "tipo__sigla": "REQ", "tipo__descricao": "Requerimento", "autoria": "Professor Ederson", "texto_original": "http://sapl.cariridotocantins.to.leg.br/media/./sapl/public/materialegislativa/2017/186/186_texto_integral.pdf", "ementa": "REQUER O EXMO. SR\u00ba. PRESIDENTE DA C\u00c2MARA PROVIDENCIAS NO SENTIDO DE REALIZAR A AUDI\u00caNCIA P\u00daBLICA PARA DISCUTIR A\u00c7\u00d5ES CULTURAIS PARA A JUVENTUDE."}, {"id": "187", "ano": "2017", "numero": "22", "tipo__sigla": "REQ", "tipo__descricao": "Requerimento", "autoria": "Ver. Gero Laimer", "texto_original": "http://sapl.cariridotocantins.to.leg.br/media/./sapl/public/materialegislativa/2017/187/187_texto_integral.pdf", "ementa": "INDICA AO EXM\u00ba. SR. PREFEITO MUNICIPAL PROVID\u00caNCIAS NO SENTIDO ENVIAR A ESTA CASA DE LEIS, A RELA\u00c7\u00c3O DOS GASTOS COM A 1\u00ba AGROSOJA E A RELA\u00c7\u00c3O DOS ALIMENTOS ARRECADADOS."}, {"id": "193", "ano": "2017", "numero": "23", "tipo__sigla": "REQ", "tipo__descricao": "Requerimento", "autoria": "Professor Ederson, Ver. Arivan, Ver. Crist\u00f3v\u00e3o, Ver. Galego da Patrola, Ver. Gero Laimer", "texto_original": "http://sapl.cariridotocantins.to.leg.br/media/./sapl/public/materialegislativa/2017/193/193_texto_integral.pdf", "ementa": "REQUER A REALIZA\u00c7\u00c3O DE ESTUDO DETALHADO E T\u00c9CNICO SOBRE O POSS\u00cdVEL PAGAMENTO DO 14\u00ba SAL\u00c1RIO ORA PROMETIDO AOS SERVIDORES DA EDUCA\u00c7\u00c3O DESTA MUNICIPALIDADE."}, {"id": "194", "ano": "2017", "numero": "24", "tipo__sigla": "REQ", "tipo__descricao": "Requerimento", "autoria": "Professor Ederson, Ver. Arivan, Ver. Crist\u00f3v\u00e3o, Ver. Galego da Patrola, Ver. Gero Laimer", "texto_original": "http://sapl.cariridotocantins.to.leg.br/media/./sapl/public/materialegislativa/2017/194/194_texto_integral.pdf", "ementa": "REQUER O ENVIO A ESTA CASA, DO EXTRATO BANC\u00c1RIO DE TODAS AS CONTAS DA GEST\u00c3O BEM COMO DOS FUNDOS DESTA MUNICIPALIDADE, COM A RESPECTIVA IDENTIFICA\u00c7\u00c3O. "}, {"id": "195", "ano": "2017", "numero": "25", "tipo__sigla": "REQ", "tipo__descricao": "Requerimento", "autoria": "Professor Ederson, Ver. Arivan, Ver. Crist\u00f3v\u00e3o, Ver. Galego da Patrola, Ver. Gero Laimer", "texto_original": "http://sapl.cariridotocantins.to.leg.br/media/./sapl/public/materialegislativa/2017/195/195_texto_integral.pdf", "ementa": "REQUER A RELA\u00c7\u00c3O NOMINAL DE SERVIDORES DESTA MUNICIPALIDADE: CONTRATADOS, COMISSIONADAS, EFETIVOS E PRESTADORES DE SERVI\u00c7OS BEM COMO O VALOR DE SEUS SAL\u00c1RIOS, COM AS DEVIDAS GRATIFICA\u00c7\u00d5ES."}]}