{"headers": {"id": "ID", "ano": "Ano", "numero": "N\u00famero", "tipo__sigla": "Tipo de Mat\u00e9ria Legislativa/Sigla", "tipo__descricao": "Tipo de Mat\u00e9ria Legislativa/Descri\u00e7\u00e3o", "autoria": "Autorias", "texto_original": "Texto Original", "ementa": "Ementa"}, "results": [{"id": "196", "ano": "2018", "numero": "1", "tipo__sigla": "IND", "tipo__descricao": "Indica\u00e7\u00e3o", "autoria": "Ver. Galego da Patrola", "texto_original": "http://sapl.cariridotocantins.to.leg.br/media/./sapl/public/materialegislativa/2018/196/196_texto_integral.pdf", "ementa": "INDICA AO EXM\u00ba. SR\u00ba. PREFEITO MUNICIPAL PROVID\u00caNCIAS NO SENTIDO DE REFORMAR A PONTE LOCALIZADA NA ESTRADA DO PRESIDIO RURAL LUZ DO AMANH\u00c3. "}, {"id": "197", "ano": "2018", "numero": "2", "tipo__sigla": "IND", "tipo__descricao": "Indica\u00e7\u00e3o", "autoria": "Professor Ederson", "texto_original": "http://sapl.cariridotocantins.to.leg.br/media/./sapl/public/materialegislativa/2018/197/197_texto_integral.pdf", "ementa": "INDICA AO EXM\u00b0. SR. PREFEITO MUNICIPAL PROVID\u00caNCIAS NO SENTIDO DE ATUALIZAR E REAJUSTAR O SAL\u00c1RIO DOS SERVIDORES DA EDUCA\u00c7\u00c3O DE CARIRI DO TOCANTINS DE ACORDO COM O PISO NACIONAL DO MAGIST\u00c9RIO."}, {"id": "198", "ano": "2018", "numero": "3", "tipo__sigla": "IND", "tipo__descricao": "Indica\u00e7\u00e3o", "autoria": "Ver. Ivonete", "texto_original": "http://sapl.cariridotocantins.to.leg.br/media/./sapl/public/materialegislativa/2018/198/198_texto_integral.pdf", "ementa": "INDICA AO EXM\u00ba. SR. PREFEITO MUNICIPAL PROVID\u00caNCIAS PARA CONSTRU\u00c7\u00c3O DE UMA LOMBADA (QUEBRA - MOLA) E SINALIZA\u00c7\u00c3O NA AVENIDA BERNARDO SAY\u00c3O NO CENTRO DE CARIRI DO TOCANTINS."}, {"id": "199", "ano": "2018", "numero": "4", "tipo__sigla": "IND", "tipo__descricao": "Indica\u00e7\u00e3o", "autoria": "Ver. Ivonete", "texto_original": "http://sapl.cariridotocantins.to.leg.br/media/./sapl/public/materialegislativa/2018/199/199_texto_integral.pdf", "ementa": "INDICA AO EXM\u00ba. SR\u00ba. PREFEITO MUNICIPAL PROVID\u00caNCIAS NO SENTIDO DE CONSTRUIR UMA CAPELA F\u00daNEBRE NO MUNIC\u00cdPIO DE CARIRI DO TOCANTINS."}, {"id": "200", "ano": "2018", "numero": "5", "tipo__sigla": "IND", "tipo__descricao": "Indica\u00e7\u00e3o", "autoria": "Ver. Ivonete", "texto_original": "http://sapl.cariridotocantins.to.leg.br/media/./sapl/public/materialegislativa/2018/200/200_texto_integral.pdf", "ementa": "INDICA AO EXM\u00ba. SR\u00ba. PREFEITO MUNICIPAL PROVID\u00caNCIAS NO SENTIDO DE SINALIZAR AS RUAS E AVENIDAS DO MUNIC\u00cdPIO DE CARIRI DO TOCANTINS."}, {"id": "201", "ano": "2018", "numero": "6", "tipo__sigla": "IND", "tipo__descricao": "Indica\u00e7\u00e3o", "autoria": "Ver. Ivonete", "texto_original": "http://sapl.cariridotocantins.to.leg.br/media/./sapl/public/materialegislativa/2018/201/201_texto_integral.pdf", "ementa": "INSTALA\u00c7\u00c3O DA ILUMINA\u00c7\u00c3O P\u00daBLICA E MANUTEN\u00c7\u00c3O NO CEMIT\u00c9RIO MUNICIPAL DE CARIRI DO TOCANTINS."}, {"id": "202", "ano": "2018", "numero": "7", "tipo__sigla": "IND", "tipo__descricao": "Indica\u00e7\u00e3o", "autoria": "Professor Ederson", "texto_original": "http://sapl.cariridotocantins.to.leg.br/media/./sapl/public/materialegislativa/2018/202/202_texto_integral.pdf", "ementa": "INDICA AO EXM.\u00ba SR. PREFEITO MUNICIPAL PROVID\u00caNCIAS NO SENTIDO DE PATROLAR  E CASCALHAR AS VIAS P\u00daBLICAS DO SETOR PLANALTO."}, {"id": "203", "ano": "2018", "numero": "8", "tipo__sigla": "IND", "tipo__descricao": "Indica\u00e7\u00e3o", "autoria": "Professor Ederson", "texto_original": "http://sapl.cariridotocantins.to.leg.br/media/./sapl/public/materialegislativa/2018/203/203_texto_integral.pdf", "ementa": "INDICA AO EXM\u00ba SR. PRESIDENTE  DA C\u00c2MARA PROVID\u00caNCIAS NO SENTIDO DE CONCEDER MO\u00c7\u00c3O DE APLAUSOS \u00c0S SERVIDORAS APOSENTADAS MARIA ALVES MARTINS E BEATRIZ LUCIANO COSTA "}, {"id": "204", "ano": "2018", "numero": "9", "tipo__sigla": "IND", "tipo__descricao": "Indica\u00e7\u00e3o", "autoria": "Ver. Crist\u00f3v\u00e3o", "texto_original": "http://sapl.cariridotocantins.to.leg.br/media/./sapl/public/materialegislativa/2018/204/204_texto_integral.pdf", "ementa": "INDICA AO EXM.\u00ba SR PREFEITO MUNICIPAL  PROVIDENCIAS NO SENTIDO DE FAZER REPAROS NA CERCA DE PROTE\u00c7\u00c3O DO BALNE\u00c1RIO CLARINDA FRANCISCA DE ALMEIDA E SILVA E FAZER A LIMPEZA DO MATO AO REDOR DA REFERIDA CERCA."}, {"id": "205", "ano": "2018", "numero": "10", "tipo__sigla": "IND", "tipo__descricao": "Indica\u00e7\u00e3o", "autoria": "Ver. Gero Laimer", "texto_original": "http://sapl.cariridotocantins.to.leg.br/media/./sapl/public/materialegislativa/2018/205/205_texto_integral.pdf", "ementa": "INDICA AO EXM.\u00ba SR PREFEITO MUNICIPAL PROVID\u00caNCIAS NO SENTIDO DE DOAR  EQUIPAMENTOS DE PROTE\u00c7\u00c3O INDIVIDUAL- EPI PARA FUNCION\u00c1RIOS DA LIMPEZA URBANA."}, {"id": "206", "ano": "2018", "numero": "11", "tipo__sigla": "IND", "tipo__descricao": "Indica\u00e7\u00e3o", "autoria": "Ver. Gero Laimer", "texto_original": "http://sapl.cariridotocantins.to.leg.br/media/./sapl/public/materialegislativa/2018/206/206_texto_integral.pdf", "ementa": "INDICA AO EXM. \u00ba SR PREFEITO MUNICIPAL PROVID\u00caNCIAS NO SENTIDO DE FAR AQUISI\u00c7\u00c3O DE UM CAMINH\u00c3O COLETOR DE LIXO."}, {"id": "207", "ano": "2018", "numero": "12", "tipo__sigla": "IND", "tipo__descricao": "Indica\u00e7\u00e3o", "autoria": "Professor Ederson", "texto_original": "http://sapl.cariridotocantins.to.leg.br/media/./sapl/public/materialegislativa/2018/207/207_texto_integral.pdf", "ementa": "INDICA AO EXMO. SR PREFEITO MUNICIPAL PROVIDENCIAS NO SENTIDO DE CONTRATAR SHOW CAT\u00d3LICO PARA AS APRESENTA\u00c7\u00d5ES NA II AGROSOJA."}, {"id": "208", "ano": "2018", "numero": "13", "tipo__sigla": "IND", "tipo__descricao": "Indica\u00e7\u00e3o", "autoria": "Jos\u00e9 Ponciano", "texto_original": "http://sapl.cariridotocantins.to.leg.br/media/", "ementa": "INDICA AO EXM\u00ba SR. PREFEITO MUNICIPAL PROVIDENCIAS NO SENTIDO DE PATROLAMENTO E RECUPERA\u00c7\u00c3O DA ESTRADA VICINAL INICIANDO DO POUSO DAS ARARAS AT\u00c9 A CHICO DA GRA\u00c7A."}, {"id": "209", "ano": "2018", "numero": "14", "tipo__sigla": "IND", "tipo__descricao": "Indica\u00e7\u00e3o", "autoria": "Jos\u00e9 Ponciano", "texto_original": "http://sapl.cariridotocantins.to.leg.br/media/", "ementa": "INDICA AO EXM\u00ba SR. PREFEITO MUNICIPAL PROVIDENCIAS NO SENTIDO DE CONSTRUIR A PRA\u00c7A DA B\u00cdBLIA NA CIDADE DE CARIRI DO TOCANTINS."}, {"id": "210", "ano": "2018", "numero": "15", "tipo__sigla": "IND", "tipo__descricao": "Indica\u00e7\u00e3o", "autoria": "", "texto_original": "http://sapl.cariridotocantins.to.leg.br/media/./sapl/public/materialegislativa/2018/210/210_texto_integral.pdf", "ementa": "INDICA A NECESSIDADE DE RECAPEAMENTO ASF\u00c1LTICO NA RUA TOCANTINS  NO TRECHO COMPREEENDIDO ENTRE AS RUAS JULIETA ZEFERINA DE OLIVEIRA E EVANGELISTA PEREIRA DOS SANTOS"}, {"id": "212", "ano": "2018", "numero": "16", "tipo__sigla": "IND", "tipo__descricao": "Indica\u00e7\u00e3o", "autoria": "Ver. Crist\u00f3v\u00e3o", "texto_original": "http://sapl.cariridotocantins.to.leg.br/media/./sapl/public/materialegislativa/2018/212/212_texto_integral.pdf", "ementa": "INDICA AO EXM\u00ba SR. PREFEITO MUNICIPAL PROVID\u00caNCIAS PARA QUE SEJA INSTALADA ESCADA E TELA DE PROTE\u00c7\u00c3O DA PISCINA DO BALNE\u00c1RIO MUNICIPAL CLARINDA FRANCISCA DE ALMEIDA E SILVA."}, {"id": "213", "ano": "2018", "numero": "17", "tipo__sigla": "IND", "tipo__descricao": "Indica\u00e7\u00e3o", "autoria": "Professor Ederson", "texto_original": "http://sapl.cariridotocantins.to.leg.br/media/", "ementa": "INDICO AO EXM\u00ba PREFEITO MUNICIPAL PROVID\u00caNCIAS NO SENTIDO DE CRIAR UM COMPLEXO ESPORTIVO NA QUADRA DA VILA FELIZ COM PISTA DE COOPER E A INSTALA\u00c7\u00c3O DE ACADEMIA POPULAR."}, {"id": "214", "ano": "2018", "numero": "18", "tipo__sigla": "IND", "tipo__descricao": "Indica\u00e7\u00e3o", "autoria": "Professor Ederson", "texto_original": "http://sapl.cariridotocantins.to.leg.br/media/", "ementa": "INDICA AO EXM\u00ba. SR. PREFEITO MUNICIPAL PROVID\u00caNCIAS NO SENTIDO DE CONTRATAR PROFESSORES/INSTRUTOR  DE T\u00caNIS."}, {"id": "215", "ano": "2018", "numero": "19", "tipo__sigla": "IND", "tipo__descricao": "Indica\u00e7\u00e3o", "autoria": "Ver. Arivan", "texto_original": "http://sapl.cariridotocantins.to.leg.br/media/", "ementa": "INDICA AO EXM\u00ba. SR. PREFEITO MUNICIPAL PROVID\u00caNCIAS NO SENTIDO DE IMPLANTAR  SISTEMA DE ENERGIA SOLAR NA ESCOLA MUNICIPAL DIVINA RIBEIRO BORGES."}, {"id": "216", "ano": "2018", "numero": "20", "tipo__sigla": "IND", "tipo__descricao": "Indica\u00e7\u00e3o", "autoria": "Jos\u00e9 Ponciano", "texto_original": "http://sapl.cariridotocantins.to.leg.br/media/sapl/public/materialegislativa/2018/216/indicacao_no_020_de_27__08_2018.pdf", "ementa": "INDICA AO EXM\u00ba. SR\u00ba PREFEITO MUNICIPAL PROVID\u00caNCIAS NO SENTIDO DE CONTRATAR UM CABELEIREIRO PARA PRESTA ATENDIMENTO NA ESCOLA MUNICIPAL DIVINA RIBEIRO BORGES."}, {"id": "217", "ano": "2018", "numero": "21", "tipo__sigla": "IND", "tipo__descricao": "Indica\u00e7\u00e3o", "autoria": "Ver. Arivan", "texto_original": "http://sapl.cariridotocantins.to.leg.br/media/sapl/public/materialegislativa/2018/217/indicacao_no_021_de_29_08_2018.pdf", "ementa": "INDICA AO EXM\u00ba. SR. PREFEITO MUNICIPAL PROVID\u00caNCIA NO SENTIDO DER EQUIPAR A FANFARRA DA REDE MUNICIPAL DE ENSINO BEM COMO REATIVAR A BANDA MUNICIPAL."}, {"id": "218", "ano": "2018", "numero": "22", "tipo__sigla": "IND", "tipo__descricao": "Indica\u00e7\u00e3o", "autoria": "Jos\u00e9 Ponciano", "texto_original": "http://sapl.cariridotocantins.to.leg.br/media/sapl/public/materialegislativa/2018/218/indicacao_no_022_de_03_09_2018.pdf", "ementa": "INDICA AO EXMO.\u00ba SR\u00ba PREFEITO MUNICIPAL , QUE TOME PROVID\u00caNCIAS PARA A REALIZA\u00c7\u00c3O DE CASAMENTO COMUNIT\u00c1RIO EM NOSSO MUNIC\u00cdPIO."}, {"id": "219", "ano": "2018", "numero": "23", "tipo__sigla": "IND", "tipo__descricao": "Indica\u00e7\u00e3o", "autoria": "Jos\u00e9 Ponciano", "texto_original": "http://sapl.cariridotocantins.to.leg.br/media/sapl/public/materialegislativa/2018/219/indicacao_no_023_de_10_09_2018.pdf", "ementa": "INDICA AO EXM.\u00ba SR.\u00ba PREFEITO MUNICIPAL PROVID\u00caNCIA NO SENTIDO CONSTRUIR UM LOMBADA 9QUEBRA-MOLA NA AVENIDA CASTELO BRANCO COM A RUA JOAQUINA A. DE SOUZA ENFRENTE A ESCOLA MUNICIPAL DIVINA R. BORGES DO MUNIC\u00cdPIO DE CARIRI DO TOCANTINS."}, {"id": "220", "ano": "2018", "numero": "24", "tipo__sigla": "IND", "tipo__descricao": "Indica\u00e7\u00e3o", "autoria": "Ver. Galego da Patrola", "texto_original": "http://sapl.cariridotocantins.to.leg.br/media/sapl/public/materialegislativa/2018/220/indicacao_no_024_de_10_09_2018.pdf", "ementa": "INDICA AO EXM.\u00ba SR.\u00ba PREFEITO MUNICIPAL PROVID\u00caNCIAS NO SENTIDO DE SINALIZAR COM PLACA E SINAIS LUMINOSOS A ENTRADA E SA\u00cdDA DE CAMINH\u00d5ES, \u00d4NIBUS E MAQUINAS LEVES E/OU PESADAS, QUE DAR ACESSO AO P\u00c1TIO E GARAGEM DA SECRET\u00c1RIA DE INFRAESTRUTURA, SITUADA NA ESQUINA DA AV.  JK C/ RUA JOAQUINA A. DE SOUZA, NO MUNIC\u00cdPIO DE CARIRI DO TOCANTINS, E D\u00c1 OUTRAS PROVID\u00caNCIAS."}, {"id": "221", "ano": "2018", "numero": "25", "tipo__sigla": "IND", "tipo__descricao": "Indica\u00e7\u00e3o", "autoria": "Ver. Galego da Patrola", "texto_original": "http://sapl.cariridotocantins.to.leg.br/media/sapl/public/materialegislativa/2018/221/indicacao_no_025_de_17_09_2018.pdf", "ementa": "INDICA AO EXM.\u00ba  SR. PREFEITO MUNICIPAL PROVID\u00caNCIAS NO SENTIDO DE REFORMA GERAL E REESTRUTURA\u00c7\u00c3O DOS VESTI\u00c1RIOS E BANHEIROS DO EST\u00c1DIO GILVAN BENTO DE CARVALHO E D\u00c3 OUTRAS PROVID\u00caNCIAS."}, {"id": "228", "ano": "2018", "numero": "26", "tipo__sigla": "IND", "tipo__descricao": "Indica\u00e7\u00e3o", "autoria": "Jos\u00e9 Ponciano", "texto_original": "http://sapl.cariridotocantins.to.leg.br/media/sapl/public/materialegislativa/2018/228/indicacao_026_2018__de_17_de_setembro_de_2018.pdf", "ementa": "INDICA AO EXM SR PREFEITO MUNICIPAL PROVID\u00caNCIA NO SENTIDO DE REALIZAR  ATUALIZA\u00c7\u00c3O/REAJUSTE  NOS VALORES DA BOLSA UNIVERSIT\u00c1RIA."}, {"id": "224", "ano": "2018", "numero": "2", "tipo__sigla": "PLC-E", "tipo__descricao": "Projeto de Lei Complementar - Executivo", "autoria": "Vanderlei Ant\u00f4nio de Carvalho Junior", "texto_original": "http://sapl.cariridotocantins.to.leg.br/media/", "ementa": "DISP\u00d5E SOBRE ALTERA\u00c7\u00c3O DO C\u00d3DIGO TRIBUT\u00c1RIO MUNICIPAL, LEI N 087/97, DE 19 DE DEZEMBRO  FR 1997, QUE INCLUI ATRAV\u00c9S DA LEI N 398/14, DE 29 DE OUTUBRO DE 2014, OS IMPOSTOS SOBRE SERVI\u00c7OS DE QUALQUER NATUREZA - ISSQN, LEI COMPLEMENTAR  N 016/2017, DE 22 DE DEZEMBRO DE 2017 E D\u00c1 OUTRAS PROVID\u00caNCIAS."}, {"id": "239", "ano": "2018", "numero": "14", "tipo__sigla": "PLC-E", "tipo__descricao": "Projeto de Lei Complementar - Executivo", "autoria": "", "texto_original": "http://sapl.cariridotocantins.to.leg.br/media/sapl/public/materialegislativa/2018/239/projeto_de_lei_no_014_de_04_de_dezembro_2018.pdf", "ementa": "DISP\u00d5E SOBRE \u00c1 ALTERA\u00c7\u00c3O DA DENOMINA\u00c7\u00c3O DA CRECHE  MUNICIPAL MADALENA RODRIGUES DE ARA\u00daJO, BEM COMO, DEFINE A ESTRUTURA ADMINISTRATIVA E D\u00c1 OUTRAS PROVID\u00caNCIAS."}, {"id": "222", "ano": "2018", "numero": "8", "tipo__sigla": "PLO-E", "tipo__descricao": "Projeto de Lei Ordin\u00e1ria - Executivo", "autoria": "Vanderlei Ant\u00f4nio de Carvalho Junior", "texto_original": "http://sapl.cariridotocantins.to.leg.br/media/sapl/public/materialegislativa/2018/222/projeto_de__lei_ordinaria_no_008_2018.pdf", "ementa": "DISP\u00d5ES SOBRE AUTORIZA\u00c7\u00c3O LEGISLATIVA PARA O PODER EXECUTIVO DE CARIRI TO, CONCLUIR A OBRA DA ESCOLA DE EDUCA\u00c7\u00c3O INFANTIL TIPO C- DO PROJETO  PRO INF\u00c2NCIA DO FNDE, E D\u00c1 OUTRAS PROVID\u00caNCIAS."}, {"id": "223", "ano": "2018", "numero": "9", "tipo__sigla": "PLO-E", "tipo__descricao": "Projeto de Lei Ordin\u00e1ria - Executivo", "autoria": "Vanderlei Ant\u00f4nio de Carvalho Junior", "texto_original": "http://sapl.cariridotocantins.to.leg.br/media/sapl/public/materialegislativa/2018/223/projeto_de_lei_ordinaria_no_009_2018.pdf", "ementa": "DISP\u00d5E SOBRE A INSTITUI\u00c7\u00c3O DO PROGRAMA DE RECUPERA\u00c7\u00c3O DE CR\u00c9DITO FISCAL-REFIS E D\u00c1 OUTRAS PROVID\u00caNCIAS."}, {"id": "235", "ano": "2018", "numero": "14", "tipo__sigla": "PLO-E", "tipo__descricao": "Projeto de Lei Ordin\u00e1ria - Executivo", "autoria": "Vanderlei Ant\u00f4nio de Carvalho Junior", "texto_original": "http://sapl.cariridotocantins.to.leg.br/media/sapl/public/materialegislativa/2018/235/projeto_de_lei_no_014_de_04_de_dezembro_2018.pdf", "ementa": "DISP\u00d5E SORE \u00c1 ALTEA\u00c7\u00c3O DA DENOMINA\u00c7\u00c3O DA CRECHE MUNICIPAL MADALENA RODRIGUES DE ARA\u00daJO, BEM DEFINE A ESTRUTURA ADMINISTRATIVA E D\u00c1 OUTRAS PROVID\u00caNCIAS."}, {"id": "252", "ano": "2018", "numero": "13", "tipo__sigla": "PLO-L", "tipo__descricao": "Projeto de Lei Ordin\u00e1ria - Legislativo", "autoria": "", "texto_original": "http://sapl.cariridotocantins.to.leg.br/media/sapl/public/materialegislativa/2018/252/projeto_de_lei_no_013_de_04_de_dezembro_de_2018.pdf", "ementa": "DISP\u00d5E SOBRE A CONTRATA\u00c7\u00c3O POR TEMPO DETERMINADO PARA ATENDER \u00c0 NECESSIDADE DE EXCEPCIONAL INTERESSE P\u00daBLICO, NOS TERMOS DO INCIO IX DO ART. 37 DA CONSTITUI\u00c7\u00c3O FEDERAL/88 E D\u00c1  OUTRAS PROVID\u00caNCIAS."}, {"id": "226", "ano": "2018", "numero": "4", "tipo__sigla": "REQ", "tipo__descricao": "Requerimento", "autoria": "Ver. Gero Laimer", "texto_original": "http://sapl.cariridotocantins.to.leg.br/media/sapl/public/materialegislativa/2018/226/requerimento_004_2018.pdf", "ementa": "REQUER ATRAV\u00c9S DESTE, SOLICITAR DE VOSSA EXCEL\u00caNCIA A REFORMA DA QUADRA POLIESPORTIVA DO SETOR VILA FELIZ, COM AS TELAS DE CONTEN\u00c7\u00c3O DAS BOLAS, VESTU\u00c1RIOS MASCULINO E FEMININO INCLUINDO ZELADOR E VIGIA."}, {"id": "225", "ano": "2018", "numero": "5", "tipo__sigla": "REQ", "tipo__descricao": "Requerimento", "autoria": "Ver. Gero Laimer", "texto_original": "http://sapl.cariridotocantins.to.leg.br/media/sapl/public/materialegislativa/2018/225/requerimento_no_005_de_29_08_2018.pdf", "ementa": "REQUER ATRAV\u00c9S DESTE, DE VOSSA EXCEL\u00caNCIA QUE PROVIDENCIE WI-FI GRATUITO  NA PRA\u00c7A CENTRAL DE CARIRI DO TOCANTINS."}, {"id": "227", "ano": "2018", "numero": "6", "tipo__sigla": "REQ", "tipo__descricao": "Requerimento", "autoria": "Professor Ederson", "texto_original": "http://sapl.cariridotocantins.to.leg.br/media/sapl/public/materialegislativa/2018/227/requerimento_006_2018_de_10_de_outubro_de_2018.pdf", "ementa": "REQUER ATRAV\u00c9S DESTE , DE VOSSA EXCEL\u00caNCIA QUE PROVIDENCIE UMA PLACA COM ENDERE\u00c7O E N\u00daMERO DE TELEFONE CONSELHO TUTELAR A PINTURA NO MESMO COM TAIS INFORMA\u00c7\u00d5ES."}]}