{"headers": {"id": "ID", "ano": "Ano", "numero": "N\u00famero", "tipo__sigla": "Tipo de Mat\u00e9ria Legislativa/Sigla", "tipo__descricao": "Tipo de Mat\u00e9ria Legislativa/Descri\u00e7\u00e3o", "autoria": "Autorias", "texto_original": "Texto Original", "ementa": "Ementa"}, "results": [{"id": "230", "ano": "2019", "numero": "1", "tipo__sigla": "IND", "tipo__descricao": "Indica\u00e7\u00e3o", "autoria": "Ver. Gero Laimer", "texto_original": "http://sapl.cariridotocantins.to.leg.br/media/sapl/public/materialegislativa/2019/230/indicacao_no_001_de_14_de_fevereiro_de_2019.pdf", "ementa": "INDICA AO EXM\u00ba SR. PREFEITO MUNICIPAL PROVID\u00caNCIAS NO SENTIDO DE FAZER RECAPEAMENTO COMPLETO DO TREVO NA ENTRADA  DA CIDADE PARA QUE SEJA INCLU\u00cdDAS NAS OBRAS A SEREM FEITAS NO MUNIC\u00cdPIO."}, {"id": "231", "ano": "2019", "numero": "2", "tipo__sigla": "IND", "tipo__descricao": "Indica\u00e7\u00e3o", "autoria": "Ver. Gero Laimer", "texto_original": "http://sapl.cariridotocantins.to.leg.br/media/sapl/public/materialegislativa/2019/231/indicacao_no_002_de_13_de_febvereiro_de_2019.pdf", "ementa": "INDICA AO EXM\u00ba. SR. PREFEITO MUNICIPAL PROVID\u00caNCIAS NO SENTIDO DE ENVIAR EXPLICA\u00c7\u00d5ES SOBRE OS CRIT\u00c9RIOS  UTILIZADOS PARA REALIZAR O CADASTRAMENTO E INSCRI\u00c7\u00d5ES DAS DOA\u00c7\u00d5ES/CESS\u00c3O DE DIREITO DOS LOTES NA CIDADE DE CARIRI DO TOCANTINS."}, {"id": "232", "ano": "2019", "numero": "3", "tipo__sigla": "IND", "tipo__descricao": "Indica\u00e7\u00e3o", "autoria": "Ver. Gero Laimer", "texto_original": "http://sapl.cariridotocantins.to.leg.br/media/sapl/public/materialegislativa/2019/232/indicacao_no_003_de_14_de_fevereiro_de__2019.pdf", "ementa": "INDICA AO EXM.\u00ba SR. PREFEITO MUNICIPAL PROVID\u00caNCIAS NO SENTIDO DE CRIAR O DEPARTAMENTO MUNICIPAL DE TRANSITO-DMT (DEPARTAMENTO MUNICIPAL DE TRANSITO), NO MUNIC\u00cdPIO DE CARIRI DO TOCANTINS."}, {"id": "233", "ano": "2019", "numero": "4", "tipo__sigla": "IND", "tipo__descricao": "Indica\u00e7\u00e3o", "autoria": "Ver. Ivonete", "texto_original": "http://sapl.cariridotocantins.to.leg.br/media/sapl/public/materialegislativa/2019/233/indicacao_no_004_de_14_de_fevereiro_de_2019.pdf", "ementa": "INDICA AO EXM.\u00ba SR.\u00ba  PREFEITO MUNICIPAL PROVID\u00caNCIAS NO SENTIDO DE SINALIZAR TODAS AS RUAS E AVENIDAS DO MUNIC\u00cdPIO DE CARIRI DO TOCANTINS."}, {"id": "234", "ano": "2019", "numero": "5", "tipo__sigla": "IND", "tipo__descricao": "Indica\u00e7\u00e3o", "autoria": "Ver. Ivonete", "texto_original": "http://sapl.cariridotocantins.to.leg.br/media/sapl/public/materialegislativa/2019/234/indicacao_no_005_de_14_de_fevereiro_2019.pdf", "ementa": "INDICA AO EXM\u00ba. SR. PREFEITO MUNICIPAL PROVID\u00caNCIAS NO SENTIDO DE CONSTRUIR UMA CAPELA F\u00daNEBRE NO MUNIC\u00cdPIO DE CARIRI DO TOCANTINS."}, {"id": "259", "ano": "2019", "numero": "6", "tipo__sigla": "IND", "tipo__descricao": "Indica\u00e7\u00e3o", "autoria": "Jos\u00e9 Ponciano", "texto_original": "http://sapl.cariridotocantins.to.leg.br/media/sapl/public/materialegislativa/2019/259/indicacao_no_006_de_22_de_fevereiro_de_2019.pdf", "ementa": "INDICA AO EXM\u00ba SR.\u00ba PREFEITO MUNICIPAL PROVID\u00caNCIAS NO SENTIDO DE CONTRATAR UM CABELEIREIRO PARA PRESTAR ATENDIMENTO NA ESCOLA MUNICIPAL DIVINA RIBEIRO BORGES NO MUNIC\u00cdPIO DE CARIRI DO TOCANTINS."}, {"id": "260", "ano": "2019", "numero": "7", "tipo__sigla": "IND", "tipo__descricao": "Indica\u00e7\u00e3o", "autoria": "Ver. Gero Laimer", "texto_original": "http://sapl.cariridotocantins.to.leg.br/media/", "ementa": "INDICA AO EXM.\u00ba SR. \u00ba PREFEITO MUNICIPAL PROVID\u00caNCIAS NO SENTIDO QUE COLOQUE A PLACA DO NOME DO HOSPITAL E MATERNIDADE SEBASTI\u00c3O CARIRI, CONFORME A LEI \u00ba 556 DE 18 DE JANEIRO DE 1993."}, {"id": "261", "ano": "2019", "numero": "8", "tipo__sigla": "IND", "tipo__descricao": "Indica\u00e7\u00e3o", "autoria": "Professor Ederson", "texto_original": "http://sapl.cariridotocantins.to.leg.br/media/sapl/public/materialegislativa/2019/261/indicacao_no_008_de_18_de_fevereiro_de_2019.pdf", "ementa": "INDICA AO EXCELENT\u00cdSSIMO SENHOR PREFEITO MUNICIPAL A ABERTURA DE VAGAS NA CRECHE NOTURNA."}, {"id": "262", "ano": "2019", "numero": "9", "tipo__sigla": "IND", "tipo__descricao": "Indica\u00e7\u00e3o", "autoria": "Professor Ederson", "texto_original": "http://sapl.cariridotocantins.to.leg.br/media/sapl/public/materialegislativa/2019/262/indicacao_no_009_de_18_de_fevereiro_de_2019.pdf", "ementa": "INDICA AO EXCELENT\u00cdSSIMO SENHOR PREFEITO MUNICIPAL A CRIA\u00c7\u00c3O DO DI\u00c1RIO OFICIAL DO MUNIC\u00cdPIO (DOM)."}, {"id": "263", "ano": "2019", "numero": "10", "tipo__sigla": "IND", "tipo__descricao": "Indica\u00e7\u00e3o", "autoria": "Ver. Crist\u00f3v\u00e3o", "texto_original": "http://sapl.cariridotocantins.to.leg.br/media/sapl/public/materialegislativa/2019/263/indicacao_no_010_de_19_de_abril_de_2019.pdf", "ementa": "INDICA, QUE DURANTE OS FINAIS DE SEMANAS E FERIADOS SEJA REALIZADOS ATENDIMENTO NA FARM\u00c1CIA MUNICIPAL."}, {"id": "264", "ano": "2019", "numero": "11", "tipo__sigla": "IND", "tipo__descricao": "Indica\u00e7\u00e3o", "autoria": "Ver. Gero Laimer", "texto_original": "http://sapl.cariridotocantins.to.leg.br/media/", "ementa": "INDICA A SR\u00aa SECRET\u00c1RIA DE EDUCA\u00c7\u00c3O QUE ESTUDE A POSSIBILIDADE DE REALIZAR CURSO DE PRIMEIRO SOCORROS NA ESCOLA DA REDE MUNICIPAL DE ENSINO NA CIDADE DE CARIRI DO TOCANTINS."}, {"id": "265", "ano": "2019", "numero": "12", "tipo__sigla": "IND", "tipo__descricao": "Indica\u00e7\u00e3o", "autoria": "Ver. Gero Laimer", "texto_original": "http://sapl.cariridotocantins.to.leg.br/media/sapl/public/materialegislativa/2019/265/indicacao_no_012_de_17_de_maio_de_2019.pdf", "ementa": "INDICA AO EXM.\u00ba SR.\u00ba PREFEITO MUNICIPAL PROVID\u00caNCIAS NO SENTIDO DE FAZER AQUISI\u00c7\u00c3O DE UM CAMINH\u00c3O COLETOR DE LIXO."}, {"id": "266", "ano": "2019", "numero": "13", "tipo__sigla": "IND", "tipo__descricao": "Indica\u00e7\u00e3o", "autoria": "Ver. Gero Laimer", "texto_original": "http://sapl.cariridotocantins.to.leg.br/media/sapl/public/materialegislativa/2019/266/indicacao_no_013_de_24_de_maio_de_2019.pdf", "ementa": "INDICA AO EXM\u00ba SR\u00ba. PREFEITO MUNICIPAL A COMPOSI\u00c7\u00c3O DE FUNCION\u00c1RIOS DA LIMPEZA URBANA PRINCIPALMENTE DOS GARIS NO SETOR PLANALTO."}, {"id": "271", "ano": "2019", "numero": "14", "tipo__sigla": "IND", "tipo__descricao": "Indica\u00e7\u00e3o", "autoria": "Ver. Galego da Patrola", "texto_original": "http://sapl.cariridotocantins.to.leg.br/media/sapl/public/materialegislativa/2019/271/indicacao_no_14.pdf", "ementa": "INDICA AO EXM\u00ba. SR\u00ba PREFEITO MUNICIPAL PROVID\u00caNCIAS NO SENTIDO D REFORMA GERAL E REESTRUTURA\u00c7\u00c3O DOS VESTI\u00c1RIOS E BANHEIROSDO EST\u00c1DIO GILVAN BENTO DE CARVALHO E D\u00c1 OUTRAS PROVID\u00caNCIAS."}, {"id": "272", "ano": "2019", "numero": "15", "tipo__sigla": "IND", "tipo__descricao": "Indica\u00e7\u00e3o", "autoria": "Ver. Gero Laimer", "texto_original": "http://sapl.cariridotocantins.to.leg.br/media/sapl/public/materialegislativa/2019/272/indicacao_no_15.pdf", "ementa": "INDICA AO CHEFE DO PODER EXECUTIVO MUNICIPAL NA MEDIDA DO POSS\u00cdVEL ESCLARECIMENTO SOB A COBRAN\u00c7A DA CONTRIBUI\u00c7\u00c3O DE ILUMINA\u00c7\u00c3O P\u00daBLICA, NOS SETORES PRIMAVERA E NOVO HORIZONTE DE NOSSO MUNIC\u00cdPIO, BUSCANDO AL\u00c9M DA MELHORIA NA QUALIDADE DE ILUMINA\u00c7\u00c3O OFERECIDA, GARANTINDO MAIS SEGURAN\u00c7A A NOSSA POPULA\u00c7\u00c3O DO MUNIC\u00cdPIO."}, {"id": "273", "ano": "2019", "numero": "16", "tipo__sigla": "IND", "tipo__descricao": "Indica\u00e7\u00e3o", "autoria": "Jos\u00e9 Ponciano", "texto_original": "http://sapl.cariridotocantins.to.leg.br/media/sapl/public/materialegislativa/2019/273/indicacao_no_016_de_11_de_outubro_de_2019_.pdf", "ementa": "INDICA AO EXM.\u00ba SR.\u00ba PREFEITO MUNICIPAL, QUE TOME PROVID\u00caNCIA PARA A REALIZA\u00c7\u00c3O DE CASAMENTO COMUNIT\u00c1RIO EM NOSSO MUNIC\u00cdPIO."}, {"id": "274", "ano": "2019", "numero": "17", "tipo__sigla": "IND", "tipo__descricao": "Indica\u00e7\u00e3o", "autoria": "Jos\u00e9 Ponciano", "texto_original": "http://sapl.cariridotocantins.to.leg.br/media/sapl/public/materialegislativa/2019/274/indicacao_no_017_de_11_de_outubro_de_2019.pdf", "ementa": "INDICA AO EXM\u00ba. SR\u00ba. PREFEITO MUNICIPAL, QUE TOME  PROVID\u00caNCIAS PARA A CONSTRU\u00c7\u00c3O DE ATERRO NO ACESSO AO IGREJA MONTE SI\u00c3O NO ASSENTAMENTO P.A. COIMBRA."}, {"id": "275", "ano": "2019", "numero": "18", "tipo__sigla": "IND", "tipo__descricao": "Indica\u00e7\u00e3o", "autoria": "Ver. Galego da Patrola", "texto_original": "http://sapl.cariridotocantins.to.leg.br/media/sapl/public/materialegislativa/2019/275/indicacao_no_018_de_11_de_outubro_de_2019.pdf", "ementa": "INDICA AO CHEFE DO PODER EXECUTIVO MUNICIPAL QUE TOME PROVID\u00caNCIA PARA INSTALA\u00c7\u00c3O/IMPLANTA\u00c7\u00c3O DA ILUMINA\u00c7\u00c3O P\u00daBLICA, NOS SETORES PRIMAVERA E NOVO HORIZONTE DE NOSSO MUNIC\u00cdPIO, BUSCANDO AL\u00c9M DA MELHORIA NA QUALIDADE DA ILUMINA\u00c7\u00c3O OFERECIDA, GARANTIR MAIS SEGURAN\u00c7A A NOSSA POPULA\u00c7\u00c3O DO MUNIC\u00cdPIO."}, {"id": "279", "ano": "2019", "numero": "19", "tipo__sigla": "IND", "tipo__descricao": "Indica\u00e7\u00e3o", "autoria": "Ver. Arivan", "texto_original": "http://sapl.cariridotocantins.to.leg.br/media/sapl/public/materialegislativa/2019/279/indicacao_no_019_de_18_de_outubro_de_2019.pdf", "ementa": "INDICA;  QUE O PODER EXECUTIVO MUNICIPAL REALIZE A REFORMA DA PRA\u00c7A PEDRO BATISTA  E D\u00c1 OUTRAS PROVIDENCIAS."}, {"id": "280", "ano": "2019", "numero": "20", "tipo__sigla": "IND", "tipo__descricao": "Indica\u00e7\u00e3o", "autoria": "", "texto_original": "http://sapl.cariridotocantins.to.leg.br/media/", "ementa": "INDICA A NECESSIDADE DE REPAROS NA ILUMINA\u00c7\u00c3O P\u00daBLICA DA AVENIDA BERNADO SAY\u00c3O."}, {"id": "281", "ano": "2019", "numero": "21", "tipo__sigla": "IND", "tipo__descricao": "Indica\u00e7\u00e3o", "autoria": "Ver. Gero Laimer", "texto_original": "http://sapl.cariridotocantins.to.leg.br/media/sapl/public/materialegislativa/2019/281/indicacao_no_021_de_08_de_novembro_de_2019.pdf", "ementa": "INDICA AO CHEFE DO PODER EXECUTIVO MUNICIPAL A NECESSIDADE DE RECAPEAMENTO ASF\u00c1LTICO NA RUA TOCANTINS, NO TRECHO COMPREENDIDO ENTRE AS RUAS JULIETA DE OLIVEIRA E EVANGELISTA PEREIRA DOS SANTOS."}, {"id": "282", "ano": "2019", "numero": "22", "tipo__sigla": "IND", "tipo__descricao": "Indica\u00e7\u00e3o", "autoria": "Ver. Crist\u00f3v\u00e3o", "texto_original": "http://sapl.cariridotocantins.to.leg.br/media/sapl/public/materialegislativa/2019/282/indicacao_no_022_de_13_de_novembro_de_2019.pdf", "ementa": "INDICA; EXM.\u00ba SR.\u00ba PREFEITO MUNICIPAL QUE POSSA SER CEDIDA A CASA DE FARINHA PARA A ASSOCIA\u00c7\u00c3O PA COIMBRA."}, {"id": "283", "ano": "2019", "numero": "23", "tipo__sigla": "IND", "tipo__descricao": "Indica\u00e7\u00e3o", "autoria": "Professor Ederson", "texto_original": "http://sapl.cariridotocantins.to.leg.br/media/sapl/public/materialegislativa/2019/283/indicacao_no_023_de_22_de_novembro_de_2019.pdf", "ementa": "INDICA AO EXM.\u00ba SR.\u00ba PRESIDENTE DA C\u00c2MARA  PROVID\u00caNCIAS NO SENTIDO DE CONCEDER MO\u00c7\u00c3O DE APLAUSOS AOS SERVIDORES MUNICIPAIS APOSENTADOS."}, {"id": "291", "ano": "2019", "numero": "1", "tipo__sigla": "PDL", "tipo__descricao": "Projeto de Decreto Legislativo", "autoria": "Ver. Arivan", "texto_original": "http://sapl.cariridotocantins.to.leg.br/media/sapl/public/materialegislativa/2019/291/projeto_de_decreto_no_001_de_09_de_dezembro_de_2019.pdf", "ementa": "DISP\u00d5ES SOBRE A AUTORGA DE TITULO DE CIDAD\u00c3O CARIRIENSE  AO ILUSTR\u00cdSSIMO DR. RONISON PARENTES SANTOS, E D\u00c1 OUTRAS PROVID\u00caNCIAS."}, {"id": "256", "ano": "2019", "numero": "1", "tipo__sigla": "PLC-E", "tipo__descricao": "Projeto de Lei Complementar - Executivo", "autoria": "Vanderlei Ant\u00f4nio de Carvalho Junior", "texto_original": "http://sapl.cariridotocantins.to.leg.br/media/sapl/public/materialegislativa/2019/256/projeto_de_lei_complementar_no_01_de_12_de_fever_PLMkgTg.pdf", "ementa": "DISP\u00d5E SOBRE A ALTEA\u00c7\u00c3O DA LEI COMPLEMENTAR N\u00ba 017/2018, ALTERA\u00c7\u00c3O DO ANEXO I, PARA INCLUS\u00c3O DE CARGOS NO \u00c2MBITO DO PODER EXECUTIVO, E D\u00c1 OUTRAS PROVID\u00caNCIAS."}, {"id": "254", "ano": "2019", "numero": "2", "tipo__sigla": "PLC-E", "tipo__descricao": "Projeto de Lei Complementar - Executivo", "autoria": "Vanderlei Ant\u00f4nio de Carvalho Junior", "texto_original": "http://sapl.cariridotocantins.to.leg.br/media/sapl/public/materialegislativa/2019/254/projeto_de_lei_complementar_no._002_de_28_de_fev_IeIb7u9.pdf", "ementa": "DISP\u00d5E SOBRE A ALTERA\u00c7\u00c3O DO CONCELHO MUNICIPAL DE DEFESA DAS PESSOAS COM DEFICI\u00caNCIA E DA OUTRAS PROVID\u00caNCIAS."}, {"id": "255", "ano": "2019", "numero": "3", "tipo__sigla": "PLC-E", "tipo__descricao": "Projeto de Lei Complementar - Executivo", "autoria": "Vanderlei Ant\u00f4nio de Carvalho Junior", "texto_original": "http://sapl.cariridotocantins.to.leg.br/media/sapl/public/materialegislativa/2019/255/projeto_de_lei_complementarno._003_de_11_de_marc_Ih2k2BK.pdf", "ementa": "DISP\u00d5E SOBRE A ALTERA\u00c7\u00c3O DOS ANEXOS (ESTRAT\u00c9GIAS DO MUNIC\u00cdPIO P\u00c1GINA 24 A 37), DO PLANO MUNICIPAL DE EDUCA\u00c7\u00c3O DO MUNIC\u00cdPIO DE CARIRI/TO, INSTITU\u00cdDO PELA LEI N\u00ba 416/2015, E D\u00c1 OUTRAS PROVID\u00caNCIAS."}, {"id": "276", "ano": "2019", "numero": "4", "tipo__sigla": "PLC-E", "tipo__descricao": "Projeto de Lei Complementar - Executivo", "autoria": "Vanderlei Ant\u00f4nio de Carvalho Junior", "texto_original": "http://sapl.cariridotocantins.to.leg.br/media/sapl/public/materialegislativa/2019/276/projeto_de_lei_complementar__no_004_de_15_de_ago_FQtPz3x.pdf", "ementa": "DISP\u00d5E SOBRE A ALTERA\u00c7\u00c3O DOS ANEXOS (ESTRAT\u00c9GIAS DO MUNIC\u00cdPIO P\u00c1GINAS 24 E 37), DA LEI N\u00ba 416/2015, SOBRE A CRIA\u00c7\u00c3O DO PLANO MUNICIPAL DE EDUCA\u00c7\u00c3O DO MUNIC\u00cdPIO DE CARIRI DO TOCANTINS E D\u00c1 OUTRAS PROVID\u00caNCIAS."}, {"id": "253", "ano": "2019", "numero": "1", "tipo__sigla": "PLC-L", "tipo__descricao": "Projeto de Lei Complementar - Legislativo", "autoria": "", "texto_original": "http://sapl.cariridotocantins.to.leg.br/media/sapl/public/materialegislativa/2019/253/projeto_de_lei_no_001_de_29_de_janeiro_de_2019.pdf", "ementa": "DISP\u00d5E SOBRE A ALTERA\u00c7\u00c3O DA LEI COMPLEMENTAR N\u00ba. 003/2009, DE 19 DE FEVEREIRO DE 2009(DISP\u00d5E SOBRE A ESTRUTURA DO PODER LEGISLATIVO DO MUNIC\u00cdPIO DE CARIRI DO TOCANTINS, FIXA PRINC\u00cdPIOS E DIRETRIZES DE GEST\u00c3O) ALTERADA PELA LEI COMPLEMENTAR N\u00ba. 009/2013, DE 27 DE MAR\u00c7O DE 2013 E D\u00c1 OUTRA PROVID\u00caNCIAS."}, {"id": "285", "ano": "2019", "numero": "5", "tipo__sigla": "PLC-L", "tipo__descricao": "Projeto de Lei Complementar - Legislativo", "autoria": "Professor Ederson", "texto_original": "http://sapl.cariridotocantins.to.leg.br/media/sapl/public/materialegislativa/2019/285/projeto_de_lei_complementar__no_005__12_de_agost_r7D9mcc.pdf", "ementa": "DISP\u00d5E SOBRE  ALTERA\u00c7\u00c3O DA LEI  COMPLEMENTAR N\u00ba 003/2019 E SUAS ALTERA\u00c7\u00d5ES E D\u00c1 OUTRAS PROVID\u00caNCIAS."}, {"id": "258", "ano": "2019", "numero": "11", "tipo__sigla": "PLO-E", "tipo__descricao": "Projeto de Lei Ordin\u00e1ria - Executivo", "autoria": "Vanderlei Ant\u00f4nio de Carvalho Junior", "texto_original": "http://sapl.cariridotocantins.to.leg.br/media/sapl/public/materialegislativa/2019/258/projeto_de_lei_no_011_de_18_de_marco_de_2019.pdf", "ementa": "AUTORIZAR O PODER EXECUTIVO A RESCINDIR CONTRATO DE CONCESS\u00c3O DOS SERVI\u00c7OS P\u00daBLICOS DE \u00c1GUA E ESGOTO N.\u00ba 399/1999, ADITIVO NA AG\u00caNCIA TOCANTINENSE DE SANEAMENTO (ATS) E A CONCEDER A EXPLORA\u00c7\u00c3O DO SERVI\u00c7O DE SANEAMENTO B\u00c1SICO DESSE MUNIC\u00cdPIO E D\u00c1 OUTRAS PROVID\u00caNCIAS."}, {"id": "257", "ano": "2019", "numero": "12", "tipo__sigla": "PLO-E", "tipo__descricao": "Projeto de Lei Ordin\u00e1ria - Executivo", "autoria": "Vanderlei Ant\u00f4nio de Carvalho Junior", "texto_original": "http://sapl.cariridotocantins.to.leg.br/media/sapl/public/materialegislativa/2019/257/projeto_de_lei_no_012_de_22_de_marco_de_2019.pdf", "ementa": "DISP\u00d5E SOBRE AS DIRETRIZES E PROCEDIMENTOS PARA SOLICITA\u00c7\u00c3O, CONCESS\u00c3O, PAGAMENTO E PRESTA\u00c7\u00c3O DE CONTAS DE DI\u00c1RIAS NO \u00c2MBITO DA ADMINISTRA\u00c7\u00c3O P\u00daBLICA MUNICIPAL E D\u00c1 OUTRAS PROVID\u00caNCIAS."}, {"id": "268", "ano": "2019", "numero": "13", "tipo__sigla": "PLO-E", "tipo__descricao": "Projeto de Lei Ordin\u00e1ria - Executivo", "autoria": "Vanderlei Ant\u00f4nio de Carvalho Junior", "texto_original": "http://sapl.cariridotocantins.to.leg.br/media/sapl/public/materialegislativa/2019/268/projeto_de_lei_no_013_de_25_de_abril_de_2019.pdf", "ementa": "DISP\u00d5E SOBRE A ELABORA\u00c7\u00c3O DA LEI DE DIRETRIZES OR\u00c7AMENT\u00c1RIAS (LDO) PARA O EXERC\u00cdCIO DE 2020 E D\u00c1 OUTRAS PROVID\u00caNCIAS."}, {"id": "269", "ano": "2019", "numero": "15", "tipo__sigla": "PLO-E", "tipo__descricao": "Projeto de Lei Ordin\u00e1ria - Executivo", "autoria": "Vanderlei Ant\u00f4nio de Carvalho Junior", "texto_original": "http://sapl.cariridotocantins.to.leg.br/media/sapl/public/materialegislativa/2019/269/projeto_de_lei_no_015_de_06_de_maio_de_2019.pdf", "ementa": "DISP\u00d5E SOBRE A ATUALIZA\u00c7\u00c3O DAS ATRIBUI\u00c7\u00d5ES DO CONSELHO TUTELAR DE CARIRI/TO E D\u00c1 OUTRAS PROVID\u00caNCIAS."}, {"id": "270", "ano": "2019", "numero": "16", "tipo__sigla": "PLO-E", "tipo__descricao": "Projeto de Lei Ordin\u00e1ria - Executivo", "autoria": "Vanderlei Ant\u00f4nio de Carvalho Junior", "texto_original": "http://sapl.cariridotocantins.to.leg.br/media/sapl/public/materialegislativa/2019/270/projeto_de_lei__no_016_de_06_de_maio_de_2019.pdf", "ementa": "DISP\u00d5E SOBRE AS DIRETRIZES E PROCEDIMENTOS PARA SOLICITA\u00c7\u00c3O, CONCESS\u00c3O, PAGAMENTO E PRESTA\u00c7\u00c3O DE CONTAS E DI\u00c1RIAS NO \u00c2MBITO DA ADMINISTRA\u00c7\u00c3O P\u00daBLICA MUNICIPAL E D\u00c1 OUTRAS PROVID\u00caNCIAS."}, {"id": "277", "ano": "2019", "numero": "17", "tipo__sigla": "PLO-E", "tipo__descricao": "Projeto de Lei Ordin\u00e1ria - Executivo", "autoria": "Vanderlei Ant\u00f4nio de Carvalho Junior", "texto_original": "http://sapl.cariridotocantins.to.leg.br/media/sapl/public/materialegislativa/2019/277/projeto_de_lei_no_017_de_24_de_junho_de_2019.pdf", "ementa": "DISP\u00d5E SOBRE A CRIA\u00c7\u00c3O DOS PROGRAMAS DE SERVI\u00c7O DE ACOLHIDA EM FAM\u00cdLIA ACOLHEDORA E DO PROGRAMA DE GUARDA SUBSIDIADA NO MUNIC\u00cdPIO DE CARIRI DO/TO, E D\u00c1 OUTRAS PROVID\u00caNCIAS."}, {"id": "284", "ano": "2019", "numero": "18", "tipo__sigla": "PLO-E", "tipo__descricao": "Projeto de Lei Ordin\u00e1ria - Executivo", "autoria": "Vanderlei Ant\u00f4nio de Carvalho Junior", "texto_original": "http://sapl.cariridotocantins.to.leg.br/media/sapl/public/materialegislativa/2019/284/pl_18-2019_revisao_ppa_2020.pdf", "ementa": "Disp\u00f5e sobre a Revis\u00e3o do Plano Plurianual (PPA) do Munic\u00edpio de Cariri/TO, para o exerc\u00edcio de 2020."}, {"id": "278", "ano": "2019", "numero": "20", "tipo__sigla": "PLO-E", "tipo__descricao": "Projeto de Lei Ordin\u00e1ria - Executivo", "autoria": "Vanderlei Ant\u00f4nio de Carvalho Junior", "texto_original": "http://sapl.cariridotocantins.to.leg.br/media/sapl/public/materialegislativa/2019/278/projeto_de_lei_no_020_de_10_de_outubro_de_2019.pdf", "ementa": "DISP\u00d5E SOBRE A CONTRATA\u00c7\u00c3O DE PESSOAL POR TEMPO DETERMINADO, PARA ATENDER A NECESSIDADE TEMPOR\u00c1RIA DE EXCEPCIONAL INTERESSE P\u00daBLICO , E D\u00c1 OUTRA PROVID\u00caNCIAS."}, {"id": "286", "ano": "2019", "numero": "21", "tipo__sigla": "PLO-E", "tipo__descricao": "Projeto de Lei Ordin\u00e1ria - Executivo", "autoria": "Vanderlei Ant\u00f4nio de Carvalho Junior", "texto_original": "http://sapl.cariridotocantins.to.leg.br/media/sapl/public/materialegislativa/2019/286/projeto_de_lei_no_021_de_08_de_novembro_de_2019.pdf", "ementa": "DISP\u00d5E SOBRE A CONTRATA\u00c7\u00c3O, POR TEMPO DETERMINADO, PARA ATENDER A NECESSIDADES DE EXCEPCIONAL INTERESSE P\u00daBLICO , NOS TERMOS DO INCISO IX DO ART 37 DA CONSTITUI\u00c7\u00c3O FEDERAL E D\u00c1 OUTRAS PROVID\u00caNCIAS."}, {"id": "287", "ano": "2019", "numero": "22", "tipo__sigla": "PLO-E", "tipo__descricao": "Projeto de Lei Ordin\u00e1ria - Executivo", "autoria": "Vanderlei Ant\u00f4nio de Carvalho Junior", "texto_original": "http://sapl.cariridotocantins.to.leg.br/media/sapl/public/materialegislativa/2019/287/projeto_de_lei_no_22_de_25_de_novembro_de_2019.pdf", "ementa": "DISP\u00d5E SOBRE OS SERVI\u00c7OS DA PATRULHA  AGR\u00cdCOLA DA PREFEITURA MUNICIPAL DE CARIRI DO TOCANTINS- TO E D\u00c1 OUTRAS PROVID\u00caNCIAS."}, {"id": "267", "ano": "2019", "numero": "1", "tipo__sigla": "PLO-L", "tipo__descricao": "Projeto de Lei Ordin\u00e1ria - Legislativo", "autoria": "Parlamento da C\u00e2mara de Cariri", "texto_original": "http://sapl.cariridotocantins.to.leg.br/media/sapl/public/materialegislativa/2019/267/projeto_de_lei_no_001_de_29_de_janeiro_de_2019.pdf", "ementa": "DISP\u00d5E SOBRE A ALTERA\u00c7\u00c3O DA LEI N\u00ba. 414, DE 10 DE JUNHO DE 2015 (PLANO DE CARGO CARREIRAS E SAL\u00c1RIOS DOS SERVIDORES DA C\u00c2MARA MUNICIPAL DE CARIRI DO TOCANTINS) E D\u00c1 OUTAS PROVID\u00caNCIAS."}, {"id": "229", "ano": "2019", "numero": "1", "tipo__sigla": "REQ", "tipo__descricao": "Requerimento", "autoria": "Ver. Crist\u00f3v\u00e3o", "texto_original": "http://sapl.cariridotocantins.to.leg.br/media/sapl/public/materialegislativa/2019/229/requerimento_no_001_de_11_de_fevereiro_de_2019.pdf", "ementa": "REQUER  ATRAV\u00c9S DESTE , QUE VOSSA  SENHORIA POSSA PRESTAR ESCLARECIMENTO SOBRE A CONSTANTE FALTA DO ABASTECIMENTO DE \u00c1GUA NA CIDADE DE CARIRI DO TOCANTINS, AP\u00d3S  O PER\u00cdODO DAS 17HS, ASSIM COMO, O VAZAMENTO DE \u00c1GUA  NAS TUBULA\u00c7\u00d5ES EM RUAS E AVENIDAS DESTA MUNICIPALIDADE, CAUSANDO PREJU\u00cdZO E TRANSTORNO A POPULA\u00c7\u00c3O CARIRIENSE. ADEMAIS, A BOIA DA CAIXA D'\u00c1GUA QUE ABASTECE A CIDADE N\u00c3O FUNCIONA OU N\u00c3O TEM, SITUA\u00c7\u00c3O QUE CAUSA DESPERD\u00cdCIO, PREJU\u00cdZO E TRANSTORNO A NOSSA COMUNIDADE."}, {"id": "288", "ano": "2019", "numero": "2", "tipo__sigla": "REQ", "tipo__descricao": "Requerimento", "autoria": "Ver. Crist\u00f3v\u00e3o", "texto_original": "http://sapl.cariridotocantins.to.leg.br/media/", "ementa": "REQUER ATRAV\u00c9S DESTE, QUE VOSSA SENHORIA POSSA PRESTAR ESCLARECIMENTO SOBRE A AUS\u00caNCIA DE CORRESPONDENTE BANC\u00c1RIO QUE RECEBA AS FATURAS/BOLETOS  DA CONTA DE \u00c1GUA NO MUNIC\u00cdPIO DE CARIRI DO TOCANTINS."}, {"id": "289", "ano": "2019", "numero": "3", "tipo__sigla": "REQ", "tipo__descricao": "Requerimento", "autoria": "Professor Ederson", "texto_original": "http://sapl.cariridotocantins.to.leg.br/media/sapl/public/materialegislativa/2019/289/requerimento_003_de_21_de_novembro_de_2019..pdf", "ementa": "SOLICITO QUE SEJA REALIZADO POR ESTA SECRET\u00c1RIA ATRAV\u00c9S DOS ACS E ACE, UM LEVANTAMENTO DAS CISTERNAS OU FOSSAS S\u00c9PTICAS  QUE EXISTEM NAS RESID\u00caNCIAS DE NOSSO MUNIC\u00cdPIO BEM COM O SEU ESTADO DE FUNCIONAMENTO E POSS\u00cdVEL DESEJO DE ENTUPIMENTO."}]}