{"headers": {"id": "ID", "ano": "Ano", "numero": "N\u00famero", "tipo__sigla": "Tipo de Mat\u00e9ria Legislativa/Sigla", "tipo__descricao": "Tipo de Mat\u00e9ria Legislativa/Descri\u00e7\u00e3o", "autoria": "Autorias", "texto_original": "Texto Original", "ementa": "Ementa"}, "results": [{"id": "292", "ano": "2020", "numero": "1", "tipo__sigla": "IND", "tipo__descricao": "Indica\u00e7\u00e3o", "autoria": "Ver. Gero Laimer", "texto_original": "http://sapl.cariridotocantins.to.leg.br/media/sapl/public/materialegislativa/2020/292/indicacao_no_001_de_06_de_fevereiro_de_2020.pdf", "ementa": "Indica ao Chefe do poder Executivo Municipal a realiza\u00e7\u00e3o de opera\u00e7\u00e3o tapa buracos e recapeamentos das vias p\u00fablicas municipais  de Cariri do Tocantins."}, {"id": "293", "ano": "2020", "numero": "2", "tipo__sigla": "IND", "tipo__descricao": "Indica\u00e7\u00e3o", "autoria": "Ver. Galego da Patrola", "texto_original": "http://sapl.cariridotocantins.to.leg.br/media/sapl/public/materialegislativa/2020/293/indicacao_no_002_de_10_de_fevereiro_de_2020.pdf", "ementa": "Indica ao Exm\u00ba Sr\u00ba Prefeito Municipal junto \u00e0  Secretaria de Sa\u00fade que providencie para que a vigil\u00e2ncia fa\u00e7a dedetiza\u00e7\u00e3o em todo o Munic\u00edpio de Cariri do Tocantins."}, {"id": "294", "ano": "2020", "numero": "3", "tipo__sigla": "IND", "tipo__descricao": "Indica\u00e7\u00e3o", "autoria": "Ver. Galego da Patrola", "texto_original": "http://sapl.cariridotocantins.to.leg.br/media/sapl/public/materialegislativa/2020/294/indicacao_no_003_de_10_de_fevereiro_de_2020.pdf", "ementa": "Indica ao Exm\u00ba Sr\u00ba Prefeito Municipal junto \u00e0 infraestrutura que possa designar um servidor para ser respons\u00e1vel pela manuten\u00e7\u00e3o preventiva e corretiva (Lubrifica\u00e7\u00e3o e troca de filtros) das M\u00e1quinas e Caminh\u00f5es do munic\u00edpio de Cariri do Tocantins."}, {"id": "296", "ano": "2020", "numero": "4", "tipo__sigla": "IND", "tipo__descricao": "Indica\u00e7\u00e3o", "autoria": "Ver. Arivan", "texto_original": "http://sapl.cariridotocantins.to.leg.br/media/sapl/public/materialegislativa/2020/296/ata_no_004_de_18_de_fevereiro_de_2020.pdf", "ementa": "Indica; A necessidade de reparos na Ilumina\u00e7\u00e3o P\u00fablica da Avenida Bernardo Say\u00e3o."}, {"id": "297", "ano": "2020", "numero": "5", "tipo__sigla": "IND", "tipo__descricao": "Indica\u00e7\u00e3o", "autoria": "Ver. Arivan", "texto_original": "http://sapl.cariridotocantins.to.leg.br/media/sapl/public/materialegislativa/2020/297/ata_no_005_de_12_de_fevereiro_de_2020.pdf", "ementa": "Indica; Que o Poder Executivo Municipal realize a reforma da Pra\u00e7a Pedro Batista e d\u00e1 outras provid\u00eancias."}, {"id": "295", "ano": "2020", "numero": "6", "tipo__sigla": "IND", "tipo__descricao": "Indica\u00e7\u00e3o", "autoria": "Ver. Galego da Patrola", "texto_original": "http://sapl.cariridotocantins.to.leg.br/media/sapl/public/materialegislativa/2020/295/indicacao_no_006_de_14_de_fevereiro_de_2020.pdf", "ementa": "Indica ao Exm\u00ba Sr\u00ba Prefeito Municipal provid\u00eancias no sentido da reforma geral e reestrutura\u00e7\u00e3o dos vesti\u00e1rios e banheiros  Est\u00e1dio Gilvan Bento de Carvalho e d\u00e1 outras provid\u00eancias."}, {"id": "298", "ano": "2020", "numero": "7", "tipo__sigla": "IND", "tipo__descricao": "Indica\u00e7\u00e3o", "autoria": "Ver. Galego da Patrola", "texto_original": "http://sapl.cariridotocantins.to.leg.br/media/sapl/public/materialegislativa/2020/298/indicacao_no_007_de_18_de_fevererio_de_2020.pdf", "ementa": "Indica ao Senhor Prefeito Municipal, na forma regimental, determine ao setor competente que tome provid\u00eancias quanto \u00e0  constru\u00e7\u00e3o de um bueiro localizado no final da Avenida Bernardo Say\u00e3o sentido Assentamento PA Combra."}, {"id": "305", "ano": "2020", "numero": "8", "tipo__sigla": "IND", "tipo__descricao": "Indica\u00e7\u00e3o", "autoria": "Jos\u00e9 Ponciano", "texto_original": "http://sapl.cariridotocantins.to.leg.br/media/sapl/public/materialegislativa/2020/305/indicacao_no_008_2020.pdf", "ementa": "Indica ao Exm\u00ba Sr\u00ba Prefeito Municipio provid\u00eancia no setido de reformoar ponte que liga o munic\u00edpio de Cariri do Tocantins a Formosodo Araguai- TO."}, {"id": "306", "ano": "2020", "numero": "9", "tipo__sigla": "IND", "tipo__descricao": "Indica\u00e7\u00e3o", "autoria": "Professor Ederson", "texto_original": "http://sapl.cariridotocantins.to.leg.br/media/sapl/public/materialegislativa/2020/306/indicacao_no_009_2020.pdf", "ementa": "Indica \u00e0 Ilustr\u00edssima Senhora Secret\u00e1ria Municipal de Sa\u00fade e ao Exm.\u00ba Sr\u00ba. Prefeito Municipal provid\u00eancias no sentido implantar Clinica de psicologia neste munic\u00edpio."}, {"id": "307", "ano": "2020", "numero": "10", "tipo__sigla": "IND", "tipo__descricao": "Indica\u00e7\u00e3o", "autoria": "Professor Ederson", "texto_original": "http://sapl.cariridotocantins.to.leg.br/media/sapl/public/materialegislativa/2020/307/indicacao_no_010_2020.pdf", "ementa": "Indica ao Exm.\u00ba Sr\u00ba Prefeito Municipal provid\u00eancias no sentido de encaminhar ao Minist\u00e9rio do Turismo demanda para ilumina\u00e7\u00e3o da pista de copper do Balne\u00e1rio Municipal."}, {"id": "316", "ano": "2020", "numero": "11", "tipo__sigla": "IND", "tipo__descricao": "Indica\u00e7\u00e3o", "autoria": "Ver. Gero Laimer", "texto_original": "http://sapl.cariridotocantins.to.leg.br/media/sapl/public/materialegislativa/2020/316/indicacao_no_011_de_02_de_outubro_de_2020.pdf", "ementa": "Indica ao Chefe do Poder Executivo Municipal no sentido de encaminhar a Secret\u00e1ria de Infraestrutura que providencie um quebra mola no in\u00edcio da Avenida Julieta Zeferina de Oliveira munic\u00edpio de Cariri do Tocantins."}, {"id": "317", "ano": "2020", "numero": "12", "tipo__sigla": "IND", "tipo__descricao": "Indica\u00e7\u00e3o", "autoria": "Ver. Gero Laimer", "texto_original": "http://sapl.cariridotocantins.to.leg.br/media/sapl/public/materialegislativa/2020/317/indicacao_no_012_de_08_de_outubro_de_2020.pdf", "ementa": "Indica ao Chefe do Poder Executivo Municipal no sentido de encaminhar a Secret\u00e1ria da Educa\u00e7\u00e3o que seja feito contrata\u00e7\u00e3o de Monitoras para os \u00f4nibus escolares municipais de Cariri do Tocantins."}, {"id": "331", "ano": "2020", "numero": "13", "tipo__sigla": "IND", "tipo__descricao": "Indica\u00e7\u00e3o", "autoria": "Ver. Gero Laimer", "texto_original": "http://sapl.cariridotocantins.to.leg.br/media/sapl/public/materialegislativa/2020/331/indicacao_no_013_de_15_de_outubro_de_2020.pdf", "ementa": "Indica ao Chefe do Poder executivo Municipal que determinar ao setor competente que tomo provid\u00eancia na restrutura\u00e7\u00e3o do trecho que liga a estrada das duas vicinais do Assentamento PA Coinbra de Cariri do Toccanins."}, {"id": "332", "ano": "2020", "numero": "14", "tipo__sigla": "IND", "tipo__descricao": "Indica\u00e7\u00e3o", "autoria": "Ver. Gero Laimer", "texto_original": "http://sapl.cariridotocantins.to.leg.br/media/sapl/public/materialegislativa/2020/332/indicacao_no_014_de_22_de_outubro_de_2020.pdf", "ementa": "Indica ao Chefe do Poder Executivo Municipal que seja feito contrata\u00e7\u00e3o de um T\u00e9cnico Veterin\u00e1rio para atender a demanda   em nossa Cidade."}, {"id": "333", "ano": "2020", "numero": "15", "tipo__sigla": "IND", "tipo__descricao": "Indica\u00e7\u00e3o", "autoria": "Ver. Gero Laimer", "texto_original": "http://sapl.cariridotocantins.to.leg.br/media/sapl/public/materialegislativa/2020/333/indicacao_no_015_de_27_de_outubro_de_2020.pdf", "ementa": "Indica ao Exm\u00ba. Sr.\u00ba Prefeito Municipal, atrav\u00e9s da Secret\u00e1ria de Infraestrutura, para que fa\u00e7a a terraplanagem  do trecho colocando aterramento para levantar a estrada vicinal no Assentamento P.A Coimbra."}, {"id": "334", "ano": "2020", "numero": "16", "tipo__sigla": "IND", "tipo__descricao": "Indica\u00e7\u00e3o", "autoria": "Ver. Gero Laimer", "texto_original": "http://sapl.cariridotocantins.to.leg.br/media/sapl/public/materialegislativa/2020/334/indicacao_no_016_de_06_de_novembro_de_2020.pdf", "ementa": "Indica ao Chefe do Poder Executivo Municipal \u00e1 Constru\u00e7\u00e3o da sede pr\u00f3pria do Assentamento PA Coimbra Cariri do Tocantins."}, {"id": "327", "ano": "2020", "numero": "1", "tipo__sigla": "PLC-E", "tipo__descricao": "Projeto de Lei Complementar - Executivo", "autoria": "Vanderlei Ant\u00f4nio de Carvalho Junior", "texto_original": "http://sapl.cariridotocantins.to.leg.br/media/sapl/public/materialegislativa/2020/327/projeto_de__lei_complementar_no_001.pdf", "ementa": "Disp\u00f5e sobre a revoga\u00e7\u00e3o da Lei Municipal n\u00ba 490/2018, de 14 de novembro de 2018."}, {"id": "328", "ano": "2020", "numero": "2", "tipo__sigla": "PLC-E", "tipo__descricao": "Projeto de Lei Complementar - Executivo", "autoria": "Vanderlei Ant\u00f4nio de Carvalho Junior", "texto_original": "http://sapl.cariridotocantins.to.leg.br/media/sapl/public/materialegislativa/2020/328/projeto_de_le_complementar__no_002_de_15_de_outubro_de_2020.pdf", "ementa": "Disp\u00f5e sobre a amplia\u00e7\u00e3o do limite para abertura de cr\u00e9dito suplementar durante a execu\u00e7\u00e3o do or\u00e7amento municipal no exerc\u00edcio de 2020 e altera a reda\u00e7\u00e3o do Art. 5\u00ba da Lei Municipal n\u00ba 505, de 23 de dezembro de 2019 e d\u00e1 outras provid\u00eancias."}, {"id": "299", "ano": "2020", "numero": "1", "tipo__sigla": "PLO-E", "tipo__descricao": "Projeto de Lei Ordin\u00e1ria - Executivo", "autoria": "Vanderlei Ant\u00f4nio de Carvalho Junior", "texto_original": "http://sapl.cariridotocantins.to.leg.br/media/sapl/public/materialegislativa/2020/299/projeto_de_lei_no_001_de_15_de_abril_de_2020.pdf", "ementa": "Disp\u00f5e sobre a elabora\u00e7\u00e3o da Lei de Diretrizes Or\u00e7amentaria  (LDO) para o exerc\u00edcio de 2021 e d\u00e1 outras provid\u00eancias."}, {"id": "300", "ano": "2020", "numero": "2", "tipo__sigla": "PLO-E", "tipo__descricao": "Projeto de Lei Ordin\u00e1ria - Executivo", "autoria": "Vanderlei Ant\u00f4nio de Carvalho Junior", "texto_original": "http://sapl.cariridotocantins.to.leg.br/media/sapl/public/materialegislativa/2020/300/projeto_de_lei_no_002_de_29_de_abril_de_2020._-_copia.pdf", "ementa": "Disp\u00f5e sobre a cria\u00e7\u00e3o da A\u00e7\u00e3o de Apoio ao Enfrntamento dos efeitos da Pandemia de Covid-19 e autoriza a abertura de cr\u00e8dito especial ao Or\u00e7amento do Mun\u00edcipio de Cariri/TO em favor da unidade or\u00e7ament\u00e1ria que especifica e d\u00e1 outras provid\u00eancias."}, {"id": "301", "ano": "2020", "numero": "3", "tipo__sigla": "PLO-E", "tipo__descricao": "Projeto de Lei Ordin\u00e1ria - Executivo", "autoria": "Vanderlei Ant\u00f4nio de Carvalho Junior", "texto_original": "http://sapl.cariridotocantins.to.leg.br/media/sapl/public/materialegislativa/2020/301/projeto_de_lei_no_003-2020.pdf", "ementa": "Institui o Plano Municipal de Saneamento B\u00e1sico - PMSB e Estabelece Pol\u00edtica Municipal de Saneamento B\u00e1sico, e, d\u00e1 Outras Provid\u00eancias."}, {"id": "308", "ano": "2020", "numero": "4", "tipo__sigla": "PLO-E", "tipo__descricao": "Projeto de Lei Ordin\u00e1ria - Executivo", "autoria": "Vanderlei Ant\u00f4nio de Carvalho Junior", "texto_original": "http://sapl.cariridotocantins.to.leg.br/media/sapl/public/materialegislativa/2020/308/projeto_de_lei_no_004_2020.pdf", "ementa": "Disp\u00f5e sobre a Cria\u00e7\u00e3o da A\u00e7\u00e3o de Apoio ao enfretamento dos Efeitos da Pandemia de Covid-19 e autoriza a Abertura de Cr\u00e9dito especial ao Or\u00e7amento do Munic\u00edpio de Cariri do Tocantins-TO."}, {"id": "309", "ano": "2020", "numero": "5", "tipo__sigla": "PLO-E", "tipo__descricao": "Projeto de Lei Ordin\u00e1ria - Executivo", "autoria": "Vanderlei Ant\u00f4nio de Carvalho Junior", "texto_original": "http://sapl.cariridotocantins.to.leg.br/media/sapl/public/materialegislativa/2020/309/projeto_d_lei_no_005_2020.pdf", "ementa": "autoriza o Poder Executivo Municipal desafetar e a alienar mediante venda, im\u00f3veis do Munic\u00edpio , atrav\u00e9s de procedimento licitat\u00f3rio, conforme especifica, e d\u00e1 outras provid\u00eancias."}, {"id": "310", "ano": "2020", "numero": "6", "tipo__sigla": "PLO-E", "tipo__descricao": "Projeto de Lei Ordin\u00e1ria - Executivo", "autoria": "Vanderlei Ant\u00f4nio de Carvalho Junior", "texto_original": "http://sapl.cariridotocantins.to.leg.br/media/sapl/public/materialegislativa/2020/310/projeto_de_lei_no_006_2020.pdf", "ementa": "Disp\u00f5e sobre a denomina\u00e7\u00e3o da Quadra de Esporte da Avenida JJ, Quadra 06 e d\u00e1 outras provid\u00eancias."}, {"id": "311", "ano": "2020", "numero": "7", "tipo__sigla": "PLO-E", "tipo__descricao": "Projeto de Lei Ordin\u00e1ria - Executivo", "autoria": "Vanderlei Ant\u00f4nio de Carvalho Junior", "texto_original": "http://sapl.cariridotocantins.to.leg.br/media/sapl/public/materialegislativa/2020/311/projeto_de_lei_no_007_2020.pdf", "ementa": "Institui o Sistema Municipal de Educa\u00e7\u00e3o de Cariri/TO, e d\u00e1 outras provid\u00eancias."}, {"id": "318", "ano": "2020", "numero": "8", "tipo__sigla": "PLO-E", "tipo__descricao": "Projeto de Lei Ordin\u00e1ria - Executivo", "autoria": "Vanderlei Ant\u00f4nio de Carvalho Junior", "texto_original": "http://sapl.cariridotocantins.to.leg.br/media/sapl/public/materialegislativa/2020/318/projeto_de_lei_no_008_de_05_de_agosto_de_2020.pdf", "ementa": "Disp\u00f5e sobre denomina\u00e7\u00e3o a sede da Prefeitura municipal de Cariri/TO para  \"PA\u00c7O ODAIR BORGES DE AMORIM\", e d\u00e1 outras provid\u00eancias."}, {"id": "319", "ano": "2020", "numero": "9", "tipo__sigla": "PLO-E", "tipo__descricao": "Projeto de Lei Ordin\u00e1ria - Executivo", "autoria": "Vanderlei Ant\u00f4nio de Carvalho Junior", "texto_original": "http://sapl.cariridotocantins.to.leg.br/media/sapl/public/materialegislativa/2020/319/projeto_de_lei_no_009_de_05_de_agosto_de_2020.pdf", "ementa": "Disp\u00f5e sobre a denomina\u00e7\u00e3o do Gin\u00e1sio situado na Escola Municipal Divina Ribeiro Borges, Avenida Castelo Branco, s/n, Centro, Cariri/TO \"MAYCON HENRIQUE PEREIRA DE OLIVEIRA\", e d\u00e1 outras provid\u00eancias."}, {"id": "321", "ano": "2020", "numero": "10", "tipo__sigla": "PLO-E", "tipo__descricao": "Projeto de Lei Ordin\u00e1ria - Executivo", "autoria": "Vanderlei Ant\u00f4nio de Carvalho Junior", "texto_original": "http://sapl.cariridotocantins.to.leg.br/media/sapl/public/materialegislativa/2020/321/projeto_de_lei_no_010_de_05_de_agosto_de_2020.pdf", "ementa": "Disp\u00f5e sobre  a denomina\u00e7\u00e3o do Campo Society situado na Rua Joaquina Ant\u00f4nia de Sousa, s/n , Setor Novo Horizonte, Cariri do Tocantins/TO \"ELSON LUCIANO SANTANA\", e d\u00e1 outras provid\u00eancias."}, {"id": "312", "ano": "2020", "numero": "11", "tipo__sigla": "PLO-E", "tipo__descricao": "Projeto de Lei Ordin\u00e1ria - Executivo", "autoria": "Vanderlei Ant\u00f4nio de Carvalho Junior", "texto_original": "http://sapl.cariridotocantins.to.leg.br/media/sapl/public/materialegislativa/2020/312/projeto_de_lei_no_011_2020.pdf", "ementa": "Disp\u00f5e sobre a denomina\u00e7\u00e3o do Centro de Conviv\u00eancia, situado na Rua Julieta Zeferino de Oliveira, S/N, Centro, Cariri do Tocantins/TO\"CENTRO DE CONVIV\u00caNCIA MARIA DALVA DO NASCIMENTO\", e d\u00e1 outras provid\u00eancias."}, {"id": "320", "ano": "2020", "numero": "12", "tipo__sigla": "PLO-E", "tipo__descricao": "Projeto de Lei Ordin\u00e1ria - Executivo", "autoria": "Vanderlei Ant\u00f4nio de Carvalho Junior", "texto_original": "http://sapl.cariridotocantins.to.leg.br/media/sapl/public/materialegislativa/2020/320/projeto_de_lei_no_012_de_05_de_agosto_de_2020_-_copia.pdf", "ementa": "Disp\u00f5e sobre a denomina\u00e7\u00e3o da Quadra de Vol\u00eai situada na Avenida JJ, s/n, Setor NOvo Horizonte, Cariri do TOcantins/TO \"SHIRLEY SANTOS DE OLIVEIRA\", e d\u00e1 outras provid\u00eancias."}, {"id": "322", "ano": "2020", "numero": "13", "tipo__sigla": "PLO-E", "tipo__descricao": "Projeto de Lei Ordin\u00e1ria - Executivo", "autoria": "Vanderlei Ant\u00f4nio de Carvalho Junior", "texto_original": "http://sapl.cariridotocantins.to.leg.br/media/sapl/public/materialegislativa/2020/322/projeo_de_lei_no_013_de_05_de_agosto_de_2020.pdf", "ementa": "Disp\u00f5e sobre a denomina\u00e7\u00e3o da Unidade B\u00e1sica de Sa\u00fade -UBS situada no Projeto de Assentamento-PA Coimbra, Cariri do \r\n Tocantins/TO \"UNIDADE B\u00c1SICA DE SA\u00daDE - UBS COSME E DAMI\u00c3O\", e d\u00e1 outras provid\u00eancias."}, {"id": "323", "ano": "2020", "numero": "14", "tipo__sigla": "PLO-E", "tipo__descricao": "Projeto de Lei Ordin\u00e1ria - Executivo", "autoria": "Vanderlei Ant\u00f4nio de Carvalho Junior", "texto_original": "http://sapl.cariridotocantins.to.leg.br/media/sapl/public/materialegislativa/2020/323/projeto_de_lei_no_014_de_05_de_agosto_de_2020.pdf", "ementa": "Disp\u00f5e sobre a denomina\u00e7\u00e3o da Quadra de T\u00eanis, situada na Avenida JJ<, s/n, Setor Novo Horizonte, Cariri do TOcantins/TO para \"IVAN CARLOS MIRANDA DE SOUZA\", e d\u00e1 outras provid\u00eanicias."}, {"id": "324", "ano": "2020", "numero": "15", "tipo__sigla": "PLO-E", "tipo__descricao": "Projeto de Lei Ordin\u00e1ria - Executivo", "autoria": "Vanderlei Ant\u00f4nio de Carvalho Junior", "texto_original": "http://sapl.cariridotocantins.to.leg.br/media/sapl/public/materialegislativa/2020/324/projeto_de_lei_no_015_de_05_de_agosto_de_2020.pdf", "ementa": "Disp\u00f5e sobre a denomina\u00e7\u00e3o do Laborat\u00f3rio de Inform\u00e1tica situado na Escola Municipal Divina Ribeiro Borges, Avenida Castelo Branco, s/n, Centro, Cariri do Tocantins/TO \"PROFESSOR VALDEMIR DA SILVA ALMEIDA\", e d\u00e1 outras provid\u00eancias."}, {"id": "314", "ano": "2020", "numero": "16", "tipo__sigla": "PLO-E", "tipo__descricao": "Projeto de Lei Ordin\u00e1ria - Executivo", "autoria": "Vanderlei Ant\u00f4nio de Carvalho Junior", "texto_original": "http://sapl.cariridotocantins.to.leg.br/media/sapl/public/materialegislativa/2020/314/projeto_de_lei_no_016_2020.pdf", "ementa": "Istitui Nota Fiscal Eletr\u00f4nica- NFS-e no \u00e2mbito do Munic\u00edpio de Cariri/TO, e d\u00e1 outras provid\u00eancia."}, {"id": "313", "ano": "2020", "numero": "17", "tipo__sigla": "PLO-E", "tipo__descricao": "Projeto de Lei Ordin\u00e1ria - Executivo", "autoria": "Vanderlei Ant\u00f4nio de Carvalho Junior", "texto_original": "http://sapl.cariridotocantins.to.leg.br/media/sapl/public/materialegislativa/2020/313/projeto_de_lei_no_017_2020.pdf", "ementa": "Autoriza o Poder Executivo Municipal a Celebrar Conv\u00eanio com a Ag\u00eancia de Regula\u00e7\u00e3o de Porto Nacional-TO e d\u00e1 outras provid\u00eancias."}, {"id": "315", "ano": "2020", "numero": "18", "tipo__sigla": "PLO-E", "tipo__descricao": "Projeto de Lei Ordin\u00e1ria - Executivo", "autoria": "Vanderlei Ant\u00f4nio de Carvalho Junior", "texto_original": "http://sapl.cariridotocantins.to.leg.br/media/sapl/public/materialegislativa/2020/315/projeto_de_lei_no_018_2020.pdf", "ementa": "Disp\u00f5e sobre a autoriza  a abertura de cr\u00e9dito especial ao Or\u00e7amento do Munic\u00edpio de Cariri/TO em favor da unidade or\u00e7ament\u00e1rio que especifica e d\u00e1 outras provid\u00eancias."}, {"id": "325", "ano": "2020", "numero": "19", "tipo__sigla": "PLO-E", "tipo__descricao": "Projeto de Lei Ordin\u00e1ria - Executivo", "autoria": "Vanderlei Ant\u00f4nio de Carvalho Junior", "texto_original": "http://sapl.cariridotocantins.to.leg.br/media/sapl/public/materialegislativa/2020/325/projeto_de_lei_no_019_de_07_de_outubro_de_2020.pdf", "ementa": "Disp\u00f5e sobre a fixa\u00e7\u00e3o do valor para pagamento Obrigatorio de pequeno valor/RPV decorrente de decis\u00f5es judiciais, nos termos do art. 100, par\u00e1grafos 3\u00ba e 4\u00ba da Constitui\u00e7\u00e3o Federal/88, e d\u00e1 outras provid\u00eancias."}, {"id": "326", "ano": "2020", "numero": "20", "tipo__sigla": "PLO-E", "tipo__descricao": "Projeto de Lei Ordin\u00e1ria - Executivo", "autoria": "Vanderlei Ant\u00f4nio de Carvalho Junior", "texto_original": "http://sapl.cariridotocantins.to.leg.br/media/sapl/public/materialegislativa/2020/326/projeto_de_lei_no_020_de_15_de_outubro_de_2020.pdf", "ementa": "Autoriza a abertura de cr\u00e9dito especial ao or\u00e7amento vigente do Mun\u00edcipio de Cariri/TO em favor da unidade or\u00e7ament\u00e1ria que especifica, e d\u00e1 outras provid\u00eancias."}, {"id": "329", "ano": "2020", "numero": "21", "tipo__sigla": "PLO-E", "tipo__descricao": "Projeto de Lei Ordin\u00e1ria - Executivo", "autoria": "Jos\u00e9 Gomes", "texto_original": "http://sapl.cariridotocantins.to.leg.br/media/sapl/public/materialegislativa/2020/329/ppa_2020.pdf", "ementa": "Disp\u00f5e sobre a Revis\u00e3o do Plano Plurianual (PPA) do Munic\u00edpio de Cariri/TO, para o exerc\u00edcio de 2021."}, {"id": "330", "ano": "2020", "numero": "22", "tipo__sigla": "PLO-E", "tipo__descricao": "Projeto de Lei Ordin\u00e1ria - Executivo", "autoria": "Vanderlei Ant\u00f4nio de Carvalho Junior", "texto_original": "http://sapl.cariridotocantins.to.leg.br/media/sapl/public/materialegislativa/2020/330/loa_2020..pdf", "ementa": "Disp\u00f5e sobre a Lei Or\u00e7ament\u00e1ria Anual (LOA) para 2021 estimando Receita e Fixando  Despesas e d\u00e1 outras provid\u00eancias."}, {"id": "336", "ano": "2020", "numero": "1", "tipo__sigla": "PLO-L", "tipo__descricao": "Projeto de Lei Ordin\u00e1ria - Legislativo", "autoria": "", "texto_original": "http://sapl.cariridotocantins.to.leg.br/media/sapl/public/materialegislativa/2020/336/projeto_de_lei_no_001_de_29_de_abril_de_2020.pdf", "ementa": "Fixa o Valor do Subs\u00eddio Mensal do Prefeit, Vice- Prefeito e dos Secret\u00e1rios Municipais para o Quadri\u00eanio 2021/2024."}, {"id": "302", "ano": "2020", "numero": "1", "tipo__sigla": "REQ", "tipo__descricao": "Requerimento", "autoria": "Ver. Gero Laimer", "texto_original": "http://sapl.cariridotocantins.to.leg.br/media/sapl/public/materialegislativa/2020/302/requerimento__no_001.pdf", "ementa": "Requer  atrav\u00e9s deste, que Vossa Senhoria possa prestar esclarecimento por qual motivo os buracos que a empresa esta abrindo para instala\u00e7\u00e3o de hidr\u00f4meto em ruas da cidade e n\u00e3o est\u00e3o sendo feito o fechamento correto destes buracos, causando transtorno a popula\u00e7\u00e3o caririense."}, {"id": "303", "ano": "2020", "numero": "2", "tipo__sigla": "REQ", "tipo__descricao": "Requerimento", "autoria": "Ver. Gero Laimer", "texto_original": "http://sapl.cariridotocantins.to.leg.br/media/sapl/public/materialegislativa/2020/303/requerimento_no_002.pdf", "ementa": "mo\u00e7\u00e3o de preocupa\u00e7\u00e3o com a pretendida privativa\u00e7\u00e3o da empresa Brasileira de Correios e Tel\u00e9grafos-ETC."}, {"id": "304", "ano": "2020", "numero": "3", "tipo__sigla": "REQ", "tipo__descricao": "Requerimento", "autoria": "Ver. Arivan", "texto_original": "http://sapl.cariridotocantins.to.leg.br/media/sapl/public/materialegislativa/2020/304/requerimento_no_003.pdf", "ementa": "Requer da Secret\u00e1ria  de Assist\u00eancia Social que disponibilize uma Casa de apoio em Barretos- SP, para os pacientes e acompanhantes que est\u00e3o em tratamento."}, {"id": "335", "ano": "2020", "numero": "4", "tipo__sigla": "REQ", "tipo__descricao": "Requerimento", "autoria": "Professor Ederson", "texto_original": "http://sapl.cariridotocantins.to.leg.br/media/sapl/public/materialegislativa/2020/335/requerimento_no_004_de_07_de_dezembro_de_2020.pdf", "ementa": "Requer da Secret\u00e1ria de Assist\u00eancia Social que disponibilize uma Casa de Apoio em Goi\u00e2nia-GO, para os pacientes e acompanhantes que est\u00e3o em tratamento."}]}