{"headers": {"id": "ID", "ano": "Ano", "numero": "N\u00famero", "tipo__sigla": "Tipo de Mat\u00e9ria Legislativa/Sigla", "tipo__descricao": "Tipo de Mat\u00e9ria Legislativa/Descri\u00e7\u00e3o", "autoria": "Autorias", "texto_original": "Texto Original", "ementa": "Ementa"}, "results": [{"id": "418", "ano": "2023", "numero": "1", "tipo__sigla": "IND", "tipo__descricao": "Indica\u00e7\u00e3o", "autoria": "Professor Ederson", "texto_original": "http://sapl.cariridotocantins.to.leg.br/media/sapl/public/materialegislativa/2023/418/indicacao_no001_de_13_de__fevereiro_de_2023..pdf", "ementa": "Indica, ao Exm. Sr Prefeito Municipal Provid\u00eancias no sentido de Revisar a Lei do Magist\u00e9rio de Cariri do Tocantins bem como a sua inteira Implanta\u00e7\u00e3o."}, {"id": "419", "ano": "2023", "numero": "2", "tipo__sigla": "IND", "tipo__descricao": "Indica\u00e7\u00e3o", "autoria": "J\u00fanior Chaveiro", "texto_original": "http://sapl.cariridotocantins.to.leg.br/media/sapl/public/materialegislativa/2023/419/indicacao_no002_de_16_de__fevereiro_de_2023..pdf", "ementa": "Seja encaminhado ao Exm. Sr. Prefeito Municipal como indica\u00e7\u00e3o a tomada de provid\u00eancias junto ao setor competente para instala\u00e7ao de um bebedouro na Quadra Socyte para uso dos praticantes de Esporte."}, {"id": "420", "ano": "2023", "numero": "3", "tipo__sigla": "IND", "tipo__descricao": "Indica\u00e7\u00e3o", "autoria": "Mineiro", "texto_original": "http://sapl.cariridotocantins.to.leg.br/media/sapl/public/materialegislativa/2023/420/indicacao_no003_de_24_de_fevereiro_2023.pdf", "ementa": "Indica, ao Senhor Prefeito Municipal, na forma regimental, determinar ao Setor  competente para as placas indicativas de tr\u00e2nsito em nosso mun\u00edcipio."}, {"id": "421", "ano": "2023", "numero": "4", "tipo__sigla": "IND", "tipo__descricao": "Indica\u00e7\u00e3o", "autoria": "Mineiro", "texto_original": "http://sapl.cariridotocantins.to.leg.br/media/sapl/public/materialegislativa/2023/421/indicacao_no004_de_24_de__fevereiro_de_2023..pdf", "ementa": "Indica ao Exm\u00ba. Sr.\u00ba Prefeito Municipal provid\u00eancia no sentido de construir paradas de \u00f4nibus com cobertura e assentos, no munic\u00edpio de Cariri do Tocantins."}, {"id": "422", "ano": "2023", "numero": "5", "tipo__sigla": "IND", "tipo__descricao": "Indica\u00e7\u00e3o", "autoria": "Ricardo Barata", "texto_original": "http://sapl.cariridotocantins.to.leg.br/media/sapl/public/materialegislativa/2023/422/indicacao_no005_de_02_de_marco_2023..pdf", "ementa": "Indica, ao Exmo.\u00ba Sr.\u00ba Prefeito Municipal provid\u00eancias para que proceda a troca de l\u00e2mpadas tradicionais por do tipo de LED do Setor Planalto em Cariri do Tocantins."}, {"id": "429", "ano": "2023", "numero": "6", "tipo__sigla": "IND", "tipo__descricao": "Indica\u00e7\u00e3o", "autoria": "Professor Ederson", "texto_original": "http://sapl.cariridotocantins.to.leg.br/media/sapl/public/materialegislativa/2023/429/indicacao__n_006_de_12_de_abril_de_2023_000005.pdf", "ementa": "Indica ao Exm.\u00ba Sr. Prefeito Municipal a contrata\u00e7\u00e3o de Seguran\u00e7a Armada e de Detectores de Metais a serem empregados na Unidade de Ensino Municipal."}, {"id": "430", "ano": "2023", "numero": "7", "tipo__sigla": "IND", "tipo__descricao": "Indica\u00e7\u00e3o", "autoria": "Professor Ederson", "texto_original": "http://sapl.cariridotocantins.to.leg.br/media/sapl/public/materialegislativa/2023/430/indicacao_007_2023_ederson_000025.pdf", "ementa": "indica ao Exm.\u00ba Sr. Prefeito Municipal a instala\u00e7\u00e3o de c\u00e2maras para monitoramento em \u00f3rg\u00e3os p\u00fablicos e cidades."}, {"id": "431", "ano": "2023", "numero": "8", "tipo__sigla": "IND", "tipo__descricao": "Indica\u00e7\u00e3o", "autoria": "Vanusa Luciano", "texto_original": "http://sapl.cariridotocantins.to.leg.br/media/", "ementa": "Indica ao Poder Executivo que realize a troca das l\u00e2mpadas da Rua Bagio (RUA 01), por l\u00e2mpada de Led."}, {"id": "432", "ano": "2023", "numero": "9", "tipo__sigla": "IND", "tipo__descricao": "Indica\u00e7\u00e3o", "autoria": "", "texto_original": "http://sapl.cariridotocantins.to.leg.br/media/", "ementa": "Indica ao Poder Executivo que formalize convenio com o Hospital do Amor de Palmas."}, {"id": "433", "ano": "2023", "numero": "10", "tipo__sigla": "IND", "tipo__descricao": "Indica\u00e7\u00e3o", "autoria": "Tetin do A\u00e7ougue", "texto_original": "http://sapl.cariridotocantins.to.leg.br/media/sapl/public/materialegislativa/2023/433/indicacao__n_010__de_19_de_junho_de_2023_tetin_000009.pdf", "ementa": "Indica ao Poder Executivo que realize parceria com o Munic\u00edpio de Gurupi do Tocantins, no sentido de apoiar o programa Casa Abrigo, o qual tem por objetivo a prote\u00e7\u00e3o de mulheres v\u00edtimas de viol\u00eancia dom\u00e9stica e familiar."}, {"id": "435", "ano": "2023", "numero": "11", "tipo__sigla": "IND", "tipo__descricao": "Indica\u00e7\u00e3o", "autoria": "Tetin do A\u00e7ougue", "texto_original": "http://sapl.cariridotocantins.to.leg.br/media/", "ementa": "Indica\u00e7\u00e3o n\u00ba 011 de 14 de Agosto de 2023."}, {"id": "436", "ano": "2023", "numero": "12", "tipo__sigla": "IND", "tipo__descricao": "Indica\u00e7\u00e3o", "autoria": "J\u00fanior Chaveiro", "texto_original": "http://sapl.cariridotocantins.to.leg.br/media/sapl/public/materialegislativa/2023/436/indicacao_no_012_de_09_de_agosto_de_2023_000074.pdf", "ementa": "Indica\u00e7\u00e3o n\u00ba 012 de 09 de Agosto de 2023."}, {"id": "437", "ano": "2023", "numero": "13", "tipo__sigla": "IND", "tipo__descricao": "Indica\u00e7\u00e3o", "autoria": "J\u00fanior Chaveiro", "texto_original": "http://sapl.cariridotocantins.to.leg.br/media/sapl/public/materialegislativa/2023/437/indicacao_no_013_de_09_de_agosto_de_2023_000076.pdf", "ementa": "Indica\u00e7\u00e3o n\u00ba 013 de 09 de Agosto de 2023."}, {"id": "438", "ano": "2023", "numero": "14", "tipo__sigla": "IND", "tipo__descricao": "Indica\u00e7\u00e3o", "autoria": "Professor Ederson", "texto_original": "http://sapl.cariridotocantins.to.leg.br/media/sapl/public/materialegislativa/2023/438/indicacao_no_014___12_09_2023.pdf", "ementa": "Indica\u00e7\u00e3o n\u00ba 014/2023."}, {"id": "439", "ano": "2023", "numero": "15", "tipo__sigla": "IND", "tipo__descricao": "Indica\u00e7\u00e3o", "autoria": "Professor Ederson", "texto_original": "http://sapl.cariridotocantins.to.leg.br/media/sapl/public/materialegislativa/2023/439/indicacao_no_015__12_09_2023.pdf", "ementa": "Indica\u00e7\u00e3o n\u00ba 015/2023."}, {"id": "448", "ano": "2023", "numero": "16", "tipo__sigla": "IND", "tipo__descricao": "Indica\u00e7\u00e3o", "autoria": "Professor Ederson", "texto_original": "http://sapl.cariridotocantins.to.leg.br/media/sapl/public/materialegislativa/2023/448/indicacao_n_016_000179.pdf", "ementa": "Requerido \u00e0 Mesa, ouvido o Plen\u00e1rio e cumpridas \u00e0s formalidades regimentais, que se oficie a Ecovias do Araguaia, concessionaria respons\u00e1vel pela Rodovia BR 153, corre\u00e7\u00e3o imediatamente das placas de Tr\u00e2nsito que foram colocadas \u00e0s margens da Rodovia, BR 153."}, {"id": "449", "ano": "2023", "numero": "17", "tipo__sigla": "IND", "tipo__descricao": "Indica\u00e7\u00e3o", "autoria": "Professor Ederson", "texto_original": "http://sapl.cariridotocantins.to.leg.br/media/sapl/public/materialegislativa/2023/449/indicacao_n_017_000180.pdf", "ementa": "A Disponibilidade de Caro pr\u00f3prio e especifico, seja popular ou ambul\u00e2ncia de acordo com a necessidade condi\u00e7\u00e3o do cidad\u00e3o, at\u00e9 \u00e1 unidade mais pr\u00f3xima do INSS, onde os mesmo precisam de per\u00edcia m\u00e9dica."}, {"id": "424", "ano": "2023", "numero": "1", "tipo__sigla": "MAP", "tipo__descricao": "Mo\u00e7\u00e3o de Aplausos", "autoria": "", "texto_original": "http://sapl.cariridotocantins.to.leg.br/media/sapl/public/materialegislativa/2023/424/macao_de_aplausos_no001_de__14_03_2023.pdf", "ementa": "Mo\u00e7\u00e3o de Aplausos \u00e1 Medalhista de Ouro nas Olimp\u00edadas Estaduais da APAES."}, {"id": "413", "ano": "2023", "numero": "1", "tipo__sigla": "PLC-E", "tipo__descricao": "Projeto de Lei Complementar - Executivo", "autoria": "Vanderlei Ant\u00f4nio de Carvalho Junior", "texto_original": "http://sapl.cariridotocantins.to.leg.br/media/sapl/public/materialegislativa/2023/413/projeto_lei_complementat_no_001_de_16_de_janeiro_de_2023_17022023_0001.pdf", "ementa": "Disp\u00f5e sobre Jornada de Trabalho do Profissional Medico Psiquiatra Lotado na Unidade Prisional de Cariri do Tocantins e d\u00e1 outras provid\u00eancias.."}, {"id": "410", "ano": "2023", "numero": "1", "tipo__sigla": "PLO-E", "tipo__descricao": "Projeto de Lei Ordin\u00e1ria - Executivo", "autoria": "Vanderlei Ant\u00f4nio de Carvalho Junior", "texto_original": "http://sapl.cariridotocantins.to.leg.br/media/sapl/public/materialegislativa/2023/410/projeto_de_lei__no_001_de_09_de_janeiro_de_2023_17022023.pdf", "ementa": "disp\u00f5e sobre a cria\u00e7\u00e3o da Imprensa Oficial do Munic\u00edpio de Cariri do Tocantins na Forma Eletr\u00f4nica e d\u00e1 outras provid\u00eancias."}, {"id": "411", "ano": "2023", "numero": "2", "tipo__sigla": "PLO-E", "tipo__descricao": "Projeto de Lei Ordin\u00e1ria - Executivo", "autoria": "Vanderlei Ant\u00f4nio de Carvalho Junior", "texto_original": "http://sapl.cariridotocantins.to.leg.br/media/", "ementa": "Autoriza o pode Executivo a firmar termo de Coopera\u00e7\u00e3o t\u00e9cnica com a Universidade Federal do Tocantins- UFT,  e d\u00e1 outras provid\u00eancias."}, {"id": "412", "ano": "2023", "numero": "3", "tipo__sigla": "PLO-E", "tipo__descricao": "Projeto de Lei Ordin\u00e1ria - Executivo", "autoria": "Vanderlei Ant\u00f4nio de Carvalho Junior", "texto_original": "http://sapl.cariridotocantins.to.leg.br/media/sapl/public/materialegislativa/2023/412/projeto_lei__no_003_de_09_de_janeiro_de_2023_17022023.pdf", "ementa": "Autoriza a Realiza\u00e7\u00e3o de Processo seletivo Simplificado para contrata\u00e7\u00e3o por prazo determinado, conforme disposi\u00e7\u00e3o do Inciso IX do Capt do ART. 37 da Constitui\u00e7\u00e3o Federal para atender Excepcional Interesse P\u00fablico, visando suprir a necessidade tempor\u00e1ria e d\u00e1 outras provid\u00eancias."}, {"id": "414", "ano": "2023", "numero": "4", "tipo__sigla": "PLO-E", "tipo__descricao": "Projeto de Lei Ordin\u00e1ria - Executivo", "autoria": "", "texto_original": "http://sapl.cariridotocantins.to.leg.br/media/sapl/public/materialegislativa/2023/414/projeto_de_lei_n_004_de_14_de_fevereiro_de_2023_000024.pdf", "ementa": "Disp\u00f5es sobre de cria\u00e7\u00e3o de Loteamento Urbano em Isntitui Programa de Doa\u00e7\u00e3o de Lotes e da outras Provid\u00eancias."}, {"id": "415", "ano": "2023", "numero": "5", "tipo__sigla": "PLO-E", "tipo__descricao": "Projeto de Lei Ordin\u00e1ria - Executivo", "autoria": "", "texto_original": "http://sapl.cariridotocantins.to.leg.br/media/sapl/public/materialegislativa/2023/415/projeto_de_lei_no_005_2023_000033.pdf", "ementa": "Disp\u00f5e sobre altera\u00e7\u00e3o na Lei 558 de 11 de Janeiro de 2022 para cargos  e anexo I, e d\u00e1 outras provid\u00eancias."}, {"id": "416", "ano": "2023", "numero": "6", "tipo__sigla": "PLO-E", "tipo__descricao": "Projeto de Lei Ordin\u00e1ria - Executivo", "autoria": "", "texto_original": "http://sapl.cariridotocantins.to.leg.br/media/sapl/public/materialegislativa/2023/416/projeto_de_lei_no_006_2023_000034.pdf", "ementa": "Disp\u00f5e sobre a altera\u00e7\u00e3o da Estrutura Administrativa e Organizacional do Poder Executivo Municipal, e d\u00e1 outras provid\u00eancias."}, {"id": "425", "ano": "2023", "numero": "7", "tipo__sigla": "PLO-E", "tipo__descricao": "Projeto de Lei Ordin\u00e1ria - Executivo", "autoria": "Vanderlei Ant\u00f4nio de Carvalho Junior", "texto_original": "http://sapl.cariridotocantins.to.leg.br/media/", "ementa": "Disp\u00f5e sobre Altera\u00e7\u00e3o do Art 21 da Lei municipal n\u00ba 502 de 3 de Dezembro de 2019, e d\u00e1 outras provid\u00eancias"}, {"id": "426", "ano": "2023", "numero": "8", "tipo__sigla": "PLO-E", "tipo__descricao": "Projeto de Lei Ordin\u00e1ria - Executivo", "autoria": "Vanderlei Ant\u00f4nio de Carvalho Junior", "texto_original": "http://sapl.cariridotocantins.to.leg.br/media/sapl/public/materialegislativa/2023/426/projeto_de_lei_n_008_de_12_abril_de_2023_finalizado__000012.pdf", "ementa": "Disp\u00f5e sobre a abertura de Cr\u00e9dito especial ao or\u00e7amento do munic\u00edpio de Cariri/TO em favor da unidade or\u00e7amentaria que especifica, e d\u00e1 outras provid\u00eancias."}, {"id": "434", "ano": "2023", "numero": "9", "tipo__sigla": "PLO-E", "tipo__descricao": "Projeto de Lei Ordin\u00e1ria - Executivo", "autoria": "Vanderlei Ant\u00f4nio de Carvalho Junior", "texto_original": "http://sapl.cariridotocantins.to.leg.br/media/sapl/public/materialegislativa/2023/434/projeto_de_lei_no_009_de_17_de_abril_de_2023_ldo_parecer_autografo__000018.pdf", "ementa": "Disp\u00f5e sobre a elabora\u00e7\u00e3o da Lei de Diretrizes Or\u00e7amentarias (LDO) para o exerc\u00edcio de 2024 e d\u00e1 outras provid\u00eancias."}, {"id": "440", "ano": "2023", "numero": "12", "tipo__sigla": "PLO-E", "tipo__descricao": "Projeto de Lei Ordin\u00e1ria - Executivo", "autoria": "Vanderlei Ant\u00f4nio de Carvalho Junior", "texto_original": "http://sapl.cariridotocantins.to.leg.br/media/sapl/public/materialegislativa/2023/440/projeto_de_lei_no_012_de_31_de_maio_de_2023._000043.pdf", "ementa": "projeto de Lei n\u00ba 012 de 31 de maio de 2023."}, {"id": "441", "ano": "2023", "numero": "13", "tipo__sigla": "PLO-E", "tipo__descricao": "Projeto de Lei Ordin\u00e1ria - Executivo", "autoria": "Vanderlei Ant\u00f4nio de Carvalho Junior", "texto_original": "http://sapl.cariridotocantins.to.leg.br/media/sapl/public/materialegislativa/2023/441/projeto_de_lei_no_013_de_06_de_junho_de_2023._000045.pdf", "ementa": "PROTEJO DE de Lei n\u00ba 013 DE 06 DE JUNHO DE 2023."}, {"id": "442", "ano": "2023", "numero": "14", "tipo__sigla": "PLO-E", "tipo__descricao": "Projeto de Lei Ordin\u00e1ria - Executivo", "autoria": "Vanderlei Ant\u00f4nio de Carvalho Junior", "texto_original": "http://sapl.cariridotocantins.to.leg.br/media/sapl/public/materialegislativa/2023/442/projeto_de_lei_no_014_15de_junho_de_2023_000035.pdf", "ementa": "PROJETO DE LEI N\u00ba 014 DE  15 DE JUNHO DE 2023."}, {"id": "443", "ano": "2023", "numero": "15", "tipo__sigla": "PLO-E", "tipo__descricao": "Projeto de Lei Ordin\u00e1ria - Executivo", "autoria": "Vanderlei Ant\u00f4nio de Carvalho Junior", "texto_original": "http://sapl.cariridotocantins.to.leg.br/media/sapl/public/materialegislativa/2023/443/projeto_de_lei_no_015_completo_000018.pdf", "ementa": "PROJETO DE LEI N\u00ba 015 DE 20 DE JUNHO DE 2023."}, {"id": "444", "ano": "2023", "numero": "19", "tipo__sigla": "PLO-E", "tipo__descricao": "Projeto de Lei Ordin\u00e1ria - Executivo", "autoria": "Vanderlei Ant\u00f4nio de Carvalho Junior", "texto_original": "http://sapl.cariridotocantins.to.leg.br/media/sapl/public/materialegislativa/2023/444/projeto_de_lei_no_019_de_2023__correta_enfermeiros___000023.pdf", "ementa": "PROJETO DE LEI N\u00ba 019 DE 30 DE AGOSTO DE 2023."}, {"id": "445", "ano": "2023", "numero": "20", "tipo__sigla": "PLO-E", "tipo__descricao": "Projeto de Lei Ordin\u00e1ria - Executivo", "autoria": "Vanderlei Ant\u00f4nio de Carvalho Junior", "texto_original": "http://sapl.cariridotocantins.to.leg.br/media/sapl/public/materialegislativa/2023/445/projeto_de_lei_no_020_de_26_de_setembro_de_2023_atualizado.pdf", "ementa": "PROJETO DE LEI N\u00ba 020 DE 26 DE SETEMBRO DE 2023."}, {"id": "446", "ano": "2023", "numero": "21", "tipo__sigla": "PLO-E", "tipo__descricao": "Projeto de Lei Ordin\u00e1ria - Executivo", "autoria": "Vanderlei Ant\u00f4nio de Carvalho Junior", "texto_original": "http://sapl.cariridotocantins.to.leg.br/media/sapl/public/materialegislativa/2023/446/projeto_de_lei_no_021_loa__correta__2023_000020.pdf", "ementa": "PROJETO DE LEI N\u00ba 021 DE 26 DE SETEMBRO DE 2023."}, {"id": "447", "ano": "2023", "numero": "22", "tipo__sigla": "PLO-E", "tipo__descricao": "Projeto de Lei Ordin\u00e1ria - Executivo", "autoria": "Vanderlei Ant\u00f4nio de Carvalho Junior", "texto_original": "http://sapl.cariridotocantins.to.leg.br/media/sapl/public/materialegislativa/2023/447/projeto_de_lei_no_022_de_17_de_setembro_de_2023_000024.pdf", "ementa": "Projeto de Lei n\u00ba 022 de 17 de Outubro de 2023."}, {"id": "417", "ano": "2023", "numero": "1", "tipo__sigla": "REQ", "tipo__descricao": "Requerimento", "autoria": "Professor Ederson", "texto_original": "http://sapl.cariridotocantins.to.leg.br/media/sapl/public/materialegislativa/2023/417/requerimento_no001de_13__de__fevereiro_de_2023..pdf", "ementa": "Sabendo a necessidade latente e important\u00edssima da utiliza\u00e7\u00e3o da tecnologia em sala de aula \u00e9 que requerido de Vossa Excel\u00eancia a doa\u00e7\u00e3o de notebooks para os professores da rede municipal de Ensino."}, {"id": "423", "ano": "2023", "numero": "2", "tipo__sigla": "REQ", "tipo__descricao": "Requerimento", "autoria": "Ricardo Barata", "texto_original": "http://sapl.cariridotocantins.to.leg.br/media/sapl/public/materialegislativa/2023/423/requerimento_no002_de_24__de__fevereiro_de_2023..pdf", "ementa": "Prop\u00f5e Mo\u00e7\u00e3o de Aplausos \u00e1 Caririense  Milena Araujo da Silva,pela Medalha de Ouro nas Olimp\u00edadas Estaduais das APAES."}, {"id": "427", "ano": "2023", "numero": "3", "tipo__sigla": "REQ", "tipo__descricao": "Requerimento", "autoria": "Mineiro", "texto_original": "http://sapl.cariridotocantins.to.leg.br/media/sapl/public/materialegislativa/2023/427/requerimente_no_003_de_26_de_maio_de_2023_000027.pdf", "ementa": "Prop\u00f5e ao poder Executivo a realiza\u00e7\u00e3o para o combate a preven\u00e7\u00e3o quanto a prolifera\u00e7\u00e3o do mosquito da dengue."}, {"id": "428", "ano": "2023", "numero": "4", "tipo__sigla": "REQ", "tipo__descricao": "Requerimento", "autoria": "Professor Ederson", "texto_original": "http://sapl.cariridotocantins.to.leg.br/media/sapl/public/materialegislativa/2023/428/requerimente_no_004_de_26_de_maio_de_2023_000028.pdf", "ementa": "Prop\u00f5e ao Poder Executivo a realizar a remo\u00e7\u00e3o do quebra molas localizado em frete ao Col\u00e9gio Estadual Tarso Dutra."}]}